{"id":28794,"date":"2015-10-11T00:00:00","date_gmt":"2015-10-11T03:00:00","guid":{"rendered":"https:\/\/www.cnbb.org.br\/papa-expressa-solidariedade-as-vitimas-do-atentado-na-turquia\/"},"modified":"2015-10-11T00:00:00","modified_gmt":"2015-10-11T03:00:00","slug":"papa-expressa-solidariedade-as-vitimas-do-atentado-na-turquia","status":"publish","type":"post","link":"https:\/\/www.cnbb.org.br\/papa-expressa-solidariedade-as-vitimas-do-atentado-na-turquia\/","title":{"rendered":"Papa expressa solidariedade \u00e0s v\u00edtimas do atentado na Turquia"},"content":{"rendered":"<p style=\"text-align: justify\">Em novembro de 2014, durante visita \u00e0 Turquia, Francisco fez apelo pela\u00a0paz\u00a0<\/p>\n<p>  <!--more-->  <\/p>\n<p style=\"text-align: justify\">\n<p style=\"text-align: justify\">O papa Francisco, por meio do secret\u00e1rio de Estado do Vaticano, cardeal Pietro Parolin, enviou ao presidente da Rep\u00fablica da Turquia, Recep Tayyip Erdogan, mensagem de condol\u00eancias\u00a0pelo atentado ocorrido em Ankara, no \u00faltimo s\u00e1bado, 10, e que matou 97 pessoas.\u00a0<\/p>\n<p style=\"text-align: justify\">No texto, Francisco expressa tristeza ao saber da perda das vidas e dos ferimentos causados pelas explos\u00f5es. Manifesta solidariedade \u00e0s pessoas atingidas\u00a0pela trag\u00e9dia e transmite sua proximidade espiritual a todas as fam\u00edlias afetadas neste momento de dor, assim como aos que trabalham com a seguran\u00e7a e no atendimento aos feridos.<\/p>\n<p style=\"text-align: justify\">O papa Francisco esteve na Turquia em novembro do ano passado. Na ocasi\u00e3o, fez um apelo para a constru\u00e7\u00e3o s\u00f3lida da paz no Pa\u00eds. \u201cPara isso, \u00e9 fundamental que os cidad\u00e3os mu\u00e7ulmanos, judeus e crist\u00e3os \u2013 tanto nas disposi\u00e7\u00f5es legais, como na sua efetiva atua\u00e7\u00e3o \u2013 tenham os mesmos direitos e respeitem os mesmos deveres. Assim, mais facilmente se reconhecer\u00e3o como irm\u00e3os e companheiros de viagem, afastando cada vez mais as incompreens\u00f5es e favorecendo a colabora\u00e7\u00e3o e o acordo. A liberdade religiosa e a liberdade de express\u00e3o, eficazmente garantidas a todos, estimular\u00e3o o florescimento da amizade, tornando-se um sinal eloquente de paz&#8221;, disse o papa \u00e0s autoridades turcas, durante sua visita.\u00a0<\/p>\n<p>Foto: AFP<\/p>\n","protected":false},"excerpt":{"rendered":"<p>Em novembro de 2014, durante visita \u00e0 Turquia, Francisco fez apelo pela\u00a0paz\u00a0<\/p>\n","protected":false},"author":83,"featured_media":28795,"comment_status":"open","ping_status":"open","sticky":false,"template":"","format":"standard","meta":{"site-sidebar-layout":"default","site-content-layout":"default","ast-global-header-display":"","ast-banner-title-visibility":"","ast-main-header-display":"","ast-hfb-above-header-display":"","ast-hfb-below-header-display":"","ast-hfb-mobile-header-display":"","site-post-title":"","ast-breadcrumbs-content":"","ast-featured-img":"","footer-sml-layout":"","theme-transparent-header-meta":"","adv-header-id-meta":"","stick-header-meta":"","header-above-stick-meta":"","header-main-stick-meta":"","header-below-stick-meta":""},"categories":[784],"tags":[],"acf":[],"_links":{"self":[{"href":"https:\/\/www.cnbb.org.br\/cnbb-app\/wp\/v2\/posts\/28794"}],"collection":[{"href":"https:\/\/www.cnbb.org.br\/cnbb-app\/wp\/v2\/posts"}],"about":[{"href":"https:\/\/www.cnbb.org.br\/cnbb-app\/wp\/v2\/types\/post"}],"author":[{"embeddable":true,"href":"https:\/\/www.cnbb.org.br\/cnbb-app\/wp\/v2\/users\/83"}],"replies":[{"embeddable":true,"href":"https:\/\/www.cnbb.org.br\/cnbb-app\/wp\/v2\/comments?post=28794"}],"version-history":[{"count":0,"href":"https:\/\/www.cnbb.org.br\/cnbb-app\/wp\/v2\/posts\/28794\/revisions"}],"wp:featuredmedia":[{"embeddable":true,"href":"https:\/\/www.cnbb.org.br\/cnbb-app\/wp\/v2\/media\/28795"}],"wp:attachment":[{"href":"https:\/\/www.cnbb.org.br\/cnbb-app\/wp\/v2\/media?parent=28794"}],"wp:term":[{"taxonomy":"category","embeddable":true,"href":"https:\/\/www.cnbb.org.br\/cnbb-app\/wp\/v2\/categories?post=28794"},{"taxonomy":"post_tag","embeddable":true,"href":"https:\/\/www.cnbb.org.br\/cnbb-app\/wp\/v2\/tags?post=28794"}],"curies":[{"name":"wp","href":"https:\/\/api.w.org\/{rel}","templated":true}]}}