{"id":28796,"date":"2015-10-14T00:00:00","date_gmt":"2015-10-14T03:00:00","guid":{"rendered":"https:\/\/www.cnbb.org.br\/papa-francisco-reafirma-desejo-de-voltar-ao-brasil-em-2017\/"},"modified":"2015-10-14T00:00:00","modified_gmt":"2015-10-14T03:00:00","slug":"papa-francisco-reafirma-desejo-de-voltar-ao-brasil-em-2017","status":"publish","type":"post","link":"https:\/\/www.cnbb.org.br\/papa-francisco-reafirma-desejo-de-voltar-ao-brasil-em-2017\/","title":{"rendered":"Papa Francisco reafirma desejo de voltar ao Brasil em 2017"},"content":{"rendered":"<p><span style=\"font-size: 12.16px;line-height: 15.808px\">Cardeal Damasceno Assis foi recebido em audi\u00eancia privada, no gabinete do papa na Casa Santa Marta<\/span><\/p>\n<p>  <!--more-->  <\/p>\n<p style=\"text-align: justify\">O arcebispo de Aparecida (SP), cardeal Raymundo Damasceno Assis, participa do S\u00ednodo dos Bispos sobre a Fam\u00edlia, no Vaticano, como presidente-delegado. Na segunda-feira, 12, Festa de Nossa Senhora Aparecida, o cardeal conversou com o papa Francisco que reafirmou o desejo de voltar ao Brasil para a celebra\u00e7\u00e3o dos 300 anos do encontro da imagem, em 2017.\u00a0<\/p>\n<p style=\"text-align: justify\">Dom Raymundo foi recebido em audi\u00eancia privada no gabinete do papa, na Casa Santa Marta. O arcebispo disse\u00a0que Francisco n\u00e3o esqueceu do compromisso que fez com o povo brasileiro na visita ao Santu\u00e1rio Nacional de Aparecida, em julho de 2013, por ocasi\u00e3o da Jornada Mundial da Juventude.\u00a0<\/p>\n<p style=\"text-align: justify\">\u201cEst\u00e1 distante ainda, n\u00e3o podemos dizer que a visita seja oficial, porque n\u00e3o nos cabe dar essa not\u00edcia, cabe, \u00e9 claro, \u00e0 Santa S\u00e9 (\u2026), mas n\u00f3s o aguardamos e esperamos que o Santo Padre nos visite em 2017; ser\u00e1 realmente uma b\u00ean\u00e7\u00e3o muito grande para todo o Brasil a sua visita.\u201d<\/p>\n<p style=\"text-align: justify\"><strong>300 anos de Aparecida<\/strong><\/p>\n<p style=\"text-align: justify\">O cardeal lembrou ao papa a promessa que ele mesmo fez aos fi\u00e9is: \u201cAt\u00e9 2017\u201d. De acordo com dom Damasceno, Francisco quer voltar ao Brasil, sobretudo nesta ocasi\u00e3o dos 300 anos, &#8220;que \u00e9 um acontecimento muito especial, singular para Aparecida e para todo o Pa\u00eds\u201d.\u00a0<\/p>\n<p style=\"text-align: justify\">Por ocasi\u00e3o da participa\u00e7\u00e3o no S\u00ednodo, dom Damasceno, este ano, n\u00e3o presidiu a missa da Festa de Nossa Senhora Aparecida. Ele enviou mensagem aos romeiros:\u00a0<\/p>\n<p style=\"text-align: justify\">\u201cEstou unido espiritualmente a todos os romeiros, a todos aqueles que est\u00e3o visitando o Santu\u00e1rio em peregrina\u00e7\u00e3o; estou rezando por todos e pedindo a Deus que, por intercess\u00e3o de Nossa Senhora Aparecida, aben\u00e7oe o nosso Brasil, o nosso povo, que nos d\u00ea luzes para podermos seguir nosso caminho rumo ao crescimento, ao desenvolvimento, sempre na paz e na harmonia, e tamb\u00e9m na justi\u00e7a social, onde todos os brasileiros possam usufruir do crescimento e do progresso do nosso Pa\u00eds\u201d.\u00a0<\/p>\n<h5 style=\"text-align: justify\">CNBB com informa\u00e7\u00f5es da R\u00e1dio Vaticano.<\/h5>\n","protected":false},"excerpt":{"rendered":"<p>Cardeal Damasceno Assis foi recebido em audi\u00eancia privada, no gabinete do papa na Casa Santa Marta<\/p>\n","protected":false},"author":83,"featured_media":28797,"comment_status":"open","ping_status":"open","sticky":false,"template":"","format":"standard","meta":{"site-sidebar-layout":"default","site-content-layout":"default","ast-global-header-display":"","ast-banner-title-visibility":"","ast-main-header-display":"","ast-hfb-above-header-display":"","ast-hfb-below-header-display":"","ast-hfb-mobile-header-display":"","site-post-title":"","ast-breadcrumbs-content":"","ast-featured-img":"","footer-sml-layout":"","theme-transparent-header-meta":"","adv-header-id-meta":"","stick-header-meta":"","header-above-stick-meta":"","header-main-stick-meta":"","header-below-stick-meta":""},"categories":[784],"tags":[],"acf":[],"_links":{"self":[{"href":"https:\/\/www.cnbb.org.br\/cnbb-app\/wp\/v2\/posts\/28796"}],"collection":[{"href":"https:\/\/www.cnbb.org.br\/cnbb-app\/wp\/v2\/posts"}],"about":[{"href":"https:\/\/www.cnbb.org.br\/cnbb-app\/wp\/v2\/types\/post"}],"author":[{"embeddable":true,"href":"https:\/\/www.cnbb.org.br\/cnbb-app\/wp\/v2\/users\/83"}],"replies":[{"embeddable":true,"href":"https:\/\/www.cnbb.org.br\/cnbb-app\/wp\/v2\/comments?post=28796"}],"version-history":[{"count":0,"href":"https:\/\/www.cnbb.org.br\/cnbb-app\/wp\/v2\/posts\/28796\/revisions"}],"wp:featuredmedia":[{"embeddable":true,"href":"https:\/\/www.cnbb.org.br\/cnbb-app\/wp\/v2\/media\/28797"}],"wp:attachment":[{"href":"https:\/\/www.cnbb.org.br\/cnbb-app\/wp\/v2\/media?parent=28796"}],"wp:term":[{"taxonomy":"category","embeddable":true,"href":"https:\/\/www.cnbb.org.br\/cnbb-app\/wp\/v2\/categories?post=28796"},{"taxonomy":"post_tag","embeddable":true,"href":"https:\/\/www.cnbb.org.br\/cnbb-app\/wp\/v2\/tags?post=28796"}],"curies":[{"name":"wp","href":"https:\/\/api.w.org\/{rel}","templated":true}]}}