{"id":28800,"date":"2015-10-22T00:00:00","date_gmt":"2015-10-22T02:00:00","guid":{"rendered":"https:\/\/www.cnbb.org.br\/relatorio-do-sinodo-recebe-ultimos-ajustes\/"},"modified":"2015-10-22T00:00:00","modified_gmt":"2015-10-22T02:00:00","slug":"relatorio-do-sinodo-recebe-ultimos-ajustes","status":"publish","type":"post","link":"https:\/\/www.cnbb.org.br\/relatorio-do-sinodo-recebe-ultimos-ajustes\/","title":{"rendered":"Relat\u00f3rio do S\u00ednodo recebe \u00faltimos ajustes"},"content":{"rendered":"<p class=\"MsoNormal\" style=\"margin-bottom: 3.75pt;line-height: 22.5pt;vertical-align: baseline;text-align: justify\"><span style=\"font-size: 12.16px;line-height: 15.808px;text-align: start\">Cardeal Odilo Scherer comenta que essa etapa do S\u00ednodo busca recolher os resultados das reflex\u00f5es<\/span><\/p>\n<p>  <!--more-->  <\/p>\n<p class=\"MsoNormal\" style=\"margin-bottom: 3.75pt;line-height: 22.5pt;vertical-align: baseline;text-align: justify\">\n<p class=\"MsoNormal\" style=\"text-align: justify\"><span style=\"font-family: 'Arial',sans-serif\">O papa Francisco iniciou as atividades desta quinta-feira, 22, celebrando missa na capela da Casa Santa Marta. \u00a0H\u00e1 dois dias do encerramento da 14\u00aa Assembleia Ordin\u00e1ria do S\u00ednodo dos Bispos sobre a Fam\u00edlia, no Vaticano, ele recordou que a convers\u00e3o, para o crist\u00e3o, \u201c\u00e9 uma tarefa, \u00e9 um trabalho de todos os dias\u201d. <\/span><\/p>\n<p class=\"MsoNormal\" style=\"text-align: justify\"><span style=\"font-family: 'Arial',sans-serif\">Francisco disse ainda que \u201co<\/span> esfor\u00e7o do crist\u00e3o \u00e9 propenso a abrir a porta do cora\u00e7\u00e3o ao Esp\u00edrito Santo\u201d. Ap\u00f3s a missa, o papa seguiu para os trabalhos do S\u00ednodo dos Bispos. Os padre sinodais permanecem livres pela manh\u00e3. \u00c0 tarde, em plen\u00e1rio, haver\u00e1 apresenta\u00e7\u00e3o do relat\u00f3rio final, produzido a partir das reflex\u00f5es dos grupos.<\/p>\n<p class=\"MsoNormal\" style=\"text-align: justify\">Em entrevista \u00e0 R\u00e1dio Vaticano, o arcebispo de S\u00e3o Paulo (SP), cardeal Odilo Pedro Scherer, comentou que essa\u00a0etapa do S\u00ednodo busca recolher os resultados das reflex\u00f5es sobre a voca\u00e7\u00e3o e miss\u00e3o da fam\u00edlia na Igreja e no mundo contempor\u00e2neo.<\/p>\n<p class=\"MsoNormal\" style=\"text-align: justify\">\u00a0\u201cHoje \u00e0 tarde, ser\u00e1 apresentado o relat\u00f3rio elaborado pela Comiss\u00e3o de Reda\u00e7\u00e3o, a partir de todas as contribui\u00e7\u00f5es recebidas em plen\u00e1rio e nos c\u00edrculos menores. Depois, teremos ainda a sexta-feira para mais um momento de reflex\u00e3o em plen\u00e1rio sobre o pr\u00f3prio relat\u00f3rio, antes que se parta para a vota\u00e7\u00e3o ponto por ponto no s\u00e1bado\u201d, explicou dom Odilo.<\/p>\n<p class=\"MsoNormal\"><b><img decoding=\"async\" loading=\"lazy\" class=\" alignright size-full wp-image-27439\" style=\"float: right\" src=\"https:\/\/www.cnbb.org.br\/wp-content\/uploads\/2020\/03\/OSSROM75811_Articolo.jpg\" alt=\"\" width=\"392\" height=\"243\" \/>Reflex\u00f5es pastorais<\/b><\/p>\n<p class=\"MsoNormal\" style=\"text-align: justify\">Sobre as expectativas em rela\u00e7\u00e3o aos encaminhamentos pastorais dos divorciados recados, o cardeal pontua que houve intensas contribui\u00e7\u00f5es do plen\u00e1rio. \u201cFoi motivo de reflex\u00e3o sobretudo na terceira parte do Instrumento de Trabalho, na linha pastoral, n\u00e3o na linha doutrinal. Quer dizer, primeiramente fica descartada a possibilidade de pensar que a Igreja vai aprovar o div\u00f3rcio. J\u00e1 foi feito o <em>motu proprio<\/em> sobre a agiliza\u00e7\u00e3o dos processos de reconhecimento da nulidade matrimonial, mas isto vai na linha da nulidade, n\u00e3o da anula\u00e7\u00e3o, ou seja, do div\u00f3rcio. Onde houver a possibilidade de reconhecer a nulidade, ent\u00e3o haver\u00e1 tamb\u00e9m a possibilidade de um casamento verdadeiro\u201d, comentou o arcebispo.<\/p>\n<p style=\"text-align: justify\">\u00a0<\/p>\n<h5 class=\"MsoNormal\" style=\"text-align: justify\">CNBB com informa\u00e7\u00f5es e fotos da R\u00e1dio Vaticano.\u00a0<\/h5>\n","protected":false},"excerpt":{"rendered":"<p>Cardeal Odilo Scherer comenta que essa etapa do S\u00ednodo busca recolher os resultados das reflex\u00f5es<\/p>\n","protected":false},"author":83,"featured_media":28801,"comment_status":"open","ping_status":"open","sticky":false,"template":"","format":"standard","meta":{"site-sidebar-layout":"default","site-content-layout":"default","ast-global-header-display":"","ast-banner-title-visibility":"","ast-main-header-display":"","ast-hfb-above-header-display":"","ast-hfb-below-header-display":"","ast-hfb-mobile-header-display":"","site-post-title":"","ast-breadcrumbs-content":"","ast-featured-img":"","footer-sml-layout":"","theme-transparent-header-meta":"","adv-header-id-meta":"","stick-header-meta":"","header-above-stick-meta":"","header-main-stick-meta":"","header-below-stick-meta":""},"categories":[784],"tags":[],"acf":[],"_links":{"self":[{"href":"https:\/\/www.cnbb.org.br\/cnbb-app\/wp\/v2\/posts\/28800"}],"collection":[{"href":"https:\/\/www.cnbb.org.br\/cnbb-app\/wp\/v2\/posts"}],"about":[{"href":"https:\/\/www.cnbb.org.br\/cnbb-app\/wp\/v2\/types\/post"}],"author":[{"embeddable":true,"href":"https:\/\/www.cnbb.org.br\/cnbb-app\/wp\/v2\/users\/83"}],"replies":[{"embeddable":true,"href":"https:\/\/www.cnbb.org.br\/cnbb-app\/wp\/v2\/comments?post=28800"}],"version-history":[{"count":0,"href":"https:\/\/www.cnbb.org.br\/cnbb-app\/wp\/v2\/posts\/28800\/revisions"}],"wp:featuredmedia":[{"embeddable":true,"href":"https:\/\/www.cnbb.org.br\/cnbb-app\/wp\/v2\/media\/28801"}],"wp:attachment":[{"href":"https:\/\/www.cnbb.org.br\/cnbb-app\/wp\/v2\/media?parent=28800"}],"wp:term":[{"taxonomy":"category","embeddable":true,"href":"https:\/\/www.cnbb.org.br\/cnbb-app\/wp\/v2\/categories?post=28800"},{"taxonomy":"post_tag","embeddable":true,"href":"https:\/\/www.cnbb.org.br\/cnbb-app\/wp\/v2\/tags?post=28800"}],"curies":[{"name":"wp","href":"https:\/\/api.w.org\/{rel}","templated":true}]}}