{"id":28802,"date":"2015-10-21T00:00:00","date_gmt":"2015-10-21T02:00:00","guid":{"rendered":"https:\/\/www.cnbb.org.br\/circulos-menores-concluem-analise-do-instrumentum-laboris\/"},"modified":"2015-10-21T00:00:00","modified_gmt":"2015-10-21T02:00:00","slug":"circulos-menores-concluem-analise-do-instrumentum-laboris","status":"publish","type":"post","link":"https:\/\/www.cnbb.org.br\/circulos-menores-concluem-analise-do-instrumentum-laboris\/","title":{"rendered":"C\u00edrculos menores concluem an\u00e1lise do Instrumentum Laboris"},"content":{"rendered":"<p style=\"text-align: justify\">Os padres sinodais terminaram o\u00a0estudo na ter\u00e7a-feira, dia 20<\/p>\n<p>  <!--more-->  <\/p>\n<p style=\"text-align: justify\">Na \u00faltima semana da 14\u00aa Assembleia Ordin\u00e1ria do S\u00ednodo dos Bispos, os padres sinodais conclu\u00edram a an\u00e1lise da terceira parte do <em>Instrumentum Laboris<\/em> (Instrumento de Trabalho). O trecho do documento\u00a0trata, entre outros temas, da situa\u00e7\u00e3o das \u201cfam\u00edlias irregulares\u201d, da admiss\u00e3o da comunh\u00e3o aos divorciados que voltaram a se casar, do acompanhamento \u00e0s pessoas homossexuais e da paternidade respons\u00e1vel.<\/p>\n<p style=\"text-align: justify\">Os c\u00edrculos menores estavam divididos de acordo com as cinco\u00a0l\u00ednguas usadas na Assembleia Sinodal (italiano, ingl\u00eas, franc\u00eas, alem\u00e3o e espanhol).\u00a0As equipes\u00a0realizaram a tarefa de recolher as reflex\u00f5es mais destacadas e convergentes e, ap\u00f3s a an\u00e1lise do Instrumento de Trabalho,\u00a0ofereceram\u00a0indica\u00e7\u00f5es para poss\u00edveis encaminhamentos pr\u00e1ticos, a partir dos consensos formados entre os membros. Na tarde desta quinta-feira, dia 22,\u00a0ser\u00e1 apresentado o relat\u00f3rio elaborado pela Comiss\u00e3o de Reda\u00e7\u00e3o, a partir de todas as contribui\u00e7\u00f5es recebidas em plen\u00e1rio e nos c\u00edrculos menores.<\/p>\n<p style=\"text-align: justify\">O relat\u00f3rio ainda ser\u00e1 objeto de reflex\u00e3o no plen\u00e1rio, nas sess\u00f5es desta sexta-feira. No s\u00e1bado, haver\u00e1 a vota\u00e7\u00e3o dos pontos apresentados.<\/p>\n<h3 style=\"text-align: justify\">Indica\u00e7\u00f5es dos c\u00edrculos<\/h3>\n<p style=\"text-align: justify\">\u201cOs c\u00edrculos analisaram as necessidades especiais das fam\u00edlias em situa\u00e7\u00e3o irregular ou dif\u00edcil, reconhecendo que as pessoas que coabitam se encontram em uma situa\u00e7\u00e3o diferente dos divorciados que voltam a se casar civilmente\u201d, explicou o grupo de l\u00edngua inglesa C, cujo relator \u00e9 o arcebispo de Brisbane (Austr\u00e1lia), dom Mark Benedict Coleridge.\u00a0<\/p>\n<p style=\"text-align: justify\">Para o c\u00edrculo franc\u00eas, que tem o arcebispo de Lille (Fran\u00e7a), dom Laurent Ulrich, como relator, as fam\u00edlias divididas, mistas, monoparentais e sem matrim\u00f4nio civil n\u00e3o podem ser descartadas. \u201cN\u00e3o queremos pensar que seu caminho n\u00e3o os leva a Deus, que ama e atrai para si todos os seres humanos. Acreditamos que eles vivem no Esp\u00edrito de Deus que inspira muitos comportamentos de suas vidas; e isso n\u00e3o tira nada do nosso apoio e encorajamento para as fam\u00edlias crist\u00e3s&#8217;, afirmou.<\/p>\n<h3 style=\"text-align: justify\">Divorciados<\/h3>\n<p style=\"text-align: justify\">Sobre as pessoas que se divorciaram e voltaram a se casar civilmente, os grupos posicionaram-se de maneira consensual no sentido de que a Igreja necessita proporcionar um acompanhamento pastoral mais eficaz para esses casais, bem como para seus folhos que tamb\u00e9m tem direitos.<\/p>\n<p style=\"text-align: justify\">Em rela\u00e7\u00e3o ao termo \u201ccaminho penitencial\u201d para os \u201crecasados\u201d, presente no documento de trabalho, alguns c\u00edrculos o encararam com \u201cperplexidade\u201d.<\/p>\n<p style=\"text-align: justify\">&#8220;N\u00e3o se v\u00ea com clareza chamar &#8216;caminho penitencial&#8217; o itiner\u00e1rio dos divorciados e recasados. Deveria, talvez falar de itiner\u00e1rios de reconcilia\u00e7\u00e3o, pois h\u00e1 realidades irrevers\u00edveis que n\u00e3o podem ser submetidas a um caminho penitencial sem possibilidade de supera\u00e7\u00e3o\u201d, sustentou o grupo de l\u00edngua espanhola B, sob a relatoria do arcebispo de M\u00e9rida (Venenzuela), dom Baltazar Enrique Porras Cardozo.<\/p>\n<h3 style=\"text-align: justify\">Acesso aos sacramentos<\/h3>\n<p style=\"text-align: justify\">O c\u00edrculo de l\u00edngua espanhola que tem o bispo de David (Panam\u00e1), cardeal Jos\u00e9 Luis Lacunza Maestrojuan, ressalta o acordo em rela\u00e7\u00e3o ao cuidado e acolhimento com as pessoas divorciadas e recasadas, mas questiona sobre o acesso aos sacramentos. \u201cCertamente, temos que levantar um movimento generoso removendo do caminho muitos obst\u00e1culos para que os divorciados que voltaram a se casar possam participar mais plenamente na vida da Igreja\u201d, prop\u00f5e. O grupo afirma que o S\u00ednodo deve dar mostras de que os participantes escutaram os \u201cgritos\u201d de tantas pessoas que sofrem e clamam pedindo para participar mais plenamente da vida da Igreja.<\/p>\n<p style=\"text-align: justify\">Para o c\u00edrculo italiano B, cujo relator \u00e9 o cardeal Mauro Piacenza, n\u00e3o \u00e9 poss\u00edvel estabelecer requisitos inclusivos a todos os casos de casais divorciados. O grupo sustenta a quest\u00e3o do discernimento frente \u00e0 complexidade das situa\u00e7\u00f5es dos recasados. Para o grupo de l\u00edngua inglesa A, a pr\u00e1tica pastoral em rela\u00e7\u00e3o \u00e0 recep\u00e7\u00e3o do sacramento da Eucaristia pelos casais de segunda uni\u00e3o n\u00e3o deve ficar \u201cnas m\u00e3os\u201d das confer\u00eancias episcopais para n\u00e3o prejudicar \u201ca unidade da Igreja Cat\u00f3lica, a compreens\u00e3o da ordem sacramental e o testemunho vis\u00edvel de vida dos fi\u00e9is\u201d.<\/p>\n<p style=\"text-align: justify\"><strong>Homossexuais<\/strong><\/p>\n<p style=\"text-align: justify\">\u201cUm tema que se deve abordar como pastores que buscam compreender a realidade da vida e das pessoas e n\u00e3o as quest\u00f5es abstratas\u201d, afirmou o grupo ingl\u00eas C sobre a condi\u00e7\u00e3o das pessoas homossexuais. A equipe pediu que o documento final do S\u00ednodo inclu\u00edsse uma \u201cafirma\u00e7\u00e3o clara da Doutrina da Igreja de que as uni\u00f5es de pessoas do mesmo sexo n\u00e3o s\u00e3o, de modo algum, equivalentes ao matrim\u00f4nio\u201d.<\/p>\n<p style=\"text-align: justify\">O c\u00edrculo de l\u00edngua inglesa A, considerando que \u201ca Igreja como esposa de Cristo segue os passos do Senhor Jesus, cujo amor universal se oferece a todas as pessoas sem exce\u00e7\u00e3o\u201d, afirmou que pais e irm\u00e3os de membros da fam\u00edlia com tend\u00eancias homossexuais \u201cest\u00e3o chamados a amar e aceitar a estes membros de sua fam\u00edlia com um cora\u00e7\u00e3o indiviso e com compreens\u00e3o\u201d.<\/p>\n<p style=\"text-align: justify\">Para alguns padres sinodais, portanto, o caso da homossexualidade poderia ser eliminado da discuss\u00e3o sobre a fam\u00edlia, uma vez que, dada sua import\u00e2ncia, \u201cmerecia um S\u00ednodo espec\u00edfico\u201d.<\/p>\n<h3 style=\"text-align: justify\">Paternidade Respons\u00e1vel<\/h3>\n<p style=\"text-align: justify\">Considerada pelo Vaticano como \u201cobjeto de rico debate\u201d, a paternidade respons\u00e1vel e a responsabilidade generativa foram abordadas a partir do contexto atual, no qual se avalia a import\u00e2ncia para o respeito \u00e0 dignidade da pessoa e da vida. Os c\u00edrculos trataram dos matrim\u00f4nios mistos e da disparidade de culto, buscando abordagens pastorais que defendem as mulheres e crian\u00e7as em situa\u00e7\u00f5es de fragilidade.<\/p>\n<h3 style=\"text-align: justify\">Miseric\u00f3rdia<\/h3>\n<p style=\"text-align: justify\">O c\u00edrculo italiano B concluiu seu relat\u00f3rio apontando para a manifesta\u00e7\u00e3o do tema da miseric\u00f3rdia durante o S\u00ednodo, o que tem, de acordo com os bispos, \u201cinterpelado nosso minist\u00e9rio pastoral, conscientes de que o mist\u00e9rio da Encarna\u00e7\u00e3o expressa com plenitude a vontade salv\u00edfica de Deus\u201d. Para o grupo, esta determina\u00e7\u00e3o divina tem sido confiada tamb\u00e9m \u00e0 miss\u00e3o e aos meios sacramentais que encontram \u201csua adequada hermen\u00eautica no significado de ser um chamado \u00e0 convers\u00e3o, apoio, rem\u00e9dio e socorro para nossa salva\u00e7\u00e3o&#8221;.<\/p>\n<h5 style=\"text-align: justify\">Com informa\u00e7\u00f5es do Vatican Information Service e da R\u00e1dio Vaticano<br \/>Com foto\u00a0do L&#8217;Osservatore Romano<\/h5>\n","protected":false},"excerpt":{"rendered":"<p>Os padres sinodais terminaram o\u00a0estudo na ter\u00e7a-feira, dia 20<\/p>\n","protected":false},"author":83,"featured_media":28803,"comment_status":"open","ping_status":"open","sticky":false,"template":"","format":"standard","meta":{"site-sidebar-layout":"default","site-content-layout":"default","ast-global-header-display":"","ast-banner-title-visibility":"","ast-main-header-display":"","ast-hfb-above-header-display":"","ast-hfb-below-header-display":"","ast-hfb-mobile-header-display":"","site-post-title":"","ast-breadcrumbs-content":"","ast-featured-img":"","footer-sml-layout":"","theme-transparent-header-meta":"","adv-header-id-meta":"","stick-header-meta":"","header-above-stick-meta":"","header-main-stick-meta":"","header-below-stick-meta":""},"categories":[784],"tags":[],"acf":[],"_links":{"self":[{"href":"https:\/\/www.cnbb.org.br\/cnbb-app\/wp\/v2\/posts\/28802"}],"collection":[{"href":"https:\/\/www.cnbb.org.br\/cnbb-app\/wp\/v2\/posts"}],"about":[{"href":"https:\/\/www.cnbb.org.br\/cnbb-app\/wp\/v2\/types\/post"}],"author":[{"embeddable":true,"href":"https:\/\/www.cnbb.org.br\/cnbb-app\/wp\/v2\/users\/83"}],"replies":[{"embeddable":true,"href":"https:\/\/www.cnbb.org.br\/cnbb-app\/wp\/v2\/comments?post=28802"}],"version-history":[{"count":0,"href":"https:\/\/www.cnbb.org.br\/cnbb-app\/wp\/v2\/posts\/28802\/revisions"}],"wp:featuredmedia":[{"embeddable":true,"href":"https:\/\/www.cnbb.org.br\/cnbb-app\/wp\/v2\/media\/28803"}],"wp:attachment":[{"href":"https:\/\/www.cnbb.org.br\/cnbb-app\/wp\/v2\/media?parent=28802"}],"wp:term":[{"taxonomy":"category","embeddable":true,"href":"https:\/\/www.cnbb.org.br\/cnbb-app\/wp\/v2\/categories?post=28802"},{"taxonomy":"post_tag","embeddable":true,"href":"https:\/\/www.cnbb.org.br\/cnbb-app\/wp\/v2\/tags?post=28802"}],"curies":[{"name":"wp","href":"https:\/\/api.w.org\/{rel}","templated":true}]}}