{"id":28808,"date":"2015-10-26T00:00:00","date_gmt":"2015-10-26T02:00:00","guid":{"rendered":"https:\/\/www.cnbb.org.br\/vaticano-apresenta-relatorio-final-do-sinodo-dos-bispos\/"},"modified":"2015-10-26T00:00:00","modified_gmt":"2015-10-26T02:00:00","slug":"vaticano-apresenta-relatorio-final-do-sinodo-dos-bispos","status":"publish","type":"post","link":"https:\/\/www.cnbb.org.br\/vaticano-apresenta-relatorio-final-do-sinodo-dos-bispos\/","title":{"rendered":"Vaticano apresenta Relat\u00f3rio final do S\u00ednodo dos Bispos"},"content":{"rendered":"<p class=\"MsoNormal\" style=\"text-align: justify\" align=\"center\"><span style=\"font-size: 12.16px;line-height: 15.808px\">O\u00a0texto \u00e9 composto por 94 par\u00e1grafos aprovados pela maioria dos membros da Assembleia Sinodal<\/span><\/p>\n<p><!--more--><\/p>\n<p class=\"MsoNormal\" align=\"center\">\n<p class=\"MsoNormal\" style=\"text-align: justify\" align=\"center\">\u201cReunidos no\u00a0S\u00ednodo em torno do papa Francisco, agradecemos-lhe por nos ter convocado para refletir, sob a sua orienta\u00e7\u00e3o, sobre a voca\u00e7\u00e3o e a miss\u00e3o da fam\u00edlia hoje. Oferecemos-lhe o fruto do nosso trabalho com humildade, na consci\u00eancia dos limites que ele apresenta\u201d, expressaram os padres sinodais na introdu\u00e7\u00e3o do relat\u00f3rio final da 14\u00aa Assembleia Ordin\u00e1ria do S\u00ednodo dos Bispos sobre a Fam\u00edlia.<\/p>\n<p class=\"MsoNormal\" style=\"text-align: justify\" align=\"center\">O texto foi aprovado no s\u00e1bado, 24 de outubro. O Relat\u00f3rio \u00e9 composto por 94 par\u00e1grafos e pode ser lido na <a href=\"http:\/\/www.news.va\/pt\/news\/sinodo-a-mensagem-final-do-papa-francisco-texto-in\" target=\"_blank\" rel=\"noopener noreferrer\">vers\u00e3o final em italiano<\/a>.<\/p>\n<p class=\"MsoNormal\" style=\"text-align: justify\">Durante quase vinte dias reunidos, os padres sinodais refletiram sobre \u201cA voca\u00e7\u00e3o e a miss\u00e3o da fam\u00edlia na Igreja e no mundo contempor\u00e2neo\u201d.<\/p>\n<p class=\"MsoNormal\" style=\"text-align: justify\"><strong>Reflex\u00f5es<\/strong><\/p>\n<p class=\"MsoNormal\" style=\"text-align: justify\">Entre os temas presentes no Relat\u00f3rio, foram abordados a indissolubilidade matrimonial; pessoas homossexuais e uni\u00f5es homossexuais; migrantes e refugiados; valoriza\u00e7\u00e3o da mulher; crian\u00e7as e idosos; fanatismo; individualismo; pobreza; precariedade no trabalho; prepara\u00e7\u00e3o ao matrim\u00f4nio.<\/p>\n<p class=\"MsoNormal\" style=\"text-align: justify\">O Relat\u00f3rio sublinha a beleza da fam\u00edlia, Igreja dom\u00e9stica baseada no casamento entre homem e mulher, \u201cporto seguro dos sentimentos mais profundos, \u00fanico ponto de conex\u00e3o numa \u00e9poca fragmentada, parte integrante da ecologia humana. Deve ser protegida, apoiada e encorajada\u201d.<\/p>\n<p class=\"MsoNormal\" style=\"text-align: justify\">No item 94, os padres sinodais apresentam a conclus\u00e3o das reflex\u00f5es do S\u00ednodo, com pedido ao padre Francisco para que avalie a possibilidade de publica\u00e7\u00e3o de um documento final sobre a fam\u00edlia.<\/p>\n<p class=\"MsoNormal\" style=\"text-align: justify\">\u201cNo decurso desta Assembleia, n\u00f3s, Padres sinodais, reunidos em torno do Papa Francisco, experimentamos a ternura e a ora\u00e7\u00e3o de toda a Igreja, caminhamos como os disc\u00edpulos de Ema\u00fas e reconhecemos a presen\u00e7a de Cristo no partir do p\u00e3o na mesa eucar\u00edstica, na comunh\u00e3o fraterna, na partilha das experi\u00eancias pastorais. Esperamos que o fruto deste trabalho, agora entregue nas m\u00e3os do Sucessor de Pedro, d\u00ea esperan\u00e7a e alegria para tantas fam\u00edlias no mundo, orienta\u00e7\u00e3o aos pastores e aos agentes pastorais, e est\u00edmulo \u00e0 obra de evangeliza\u00e7\u00e3o. Concluindo este Relat\u00f3rio, pedimos humildemente que o Santo Padre avalie a possibilidade de oferecer um documento sobre a fam\u00edlia, para que nela, Igreja dom\u00e9stica, resplande\u00e7a cada vez mais Cristo, luz do mundo\u201d, expressam os membros do S\u00ednodo.<\/p>\n<h4 class=\"MsoNormal\" style=\"text-align: justify\"><strong><a href=\"http:\/\/www.news.va\/pt\/news\/sinodo-a-mensagem-final-do-papa-francisco-texto-in\" target=\"_blank\" rel=\"noopener noreferrer\">Confira a \u00edntegra do Relat\u00f3rio final<\/a><\/strong><\/h4>\n<h5>CNBB com informa\u00e7\u00f5es e foto da R\u00e1dio Vaticano.<\/h5>\n","protected":false},"excerpt":{"rendered":"<p>O\u00a0texto \u00e9 composto por 94 par\u00e1grafos aprovados pela maioria dos membros da Assembleia Sinodal<\/p>\n","protected":false},"author":83,"featured_media":28809,"comment_status":"open","ping_status":"open","sticky":false,"template":"","format":"standard","meta":{"site-sidebar-layout":"default","site-content-layout":"default","ast-global-header-display":"","ast-banner-title-visibility":"","ast-main-header-display":"","ast-hfb-above-header-display":"","ast-hfb-below-header-display":"","ast-hfb-mobile-header-display":"","site-post-title":"","ast-breadcrumbs-content":"","ast-featured-img":"","footer-sml-layout":"","theme-transparent-header-meta":"","adv-header-id-meta":"","stick-header-meta":"","header-above-stick-meta":"","header-main-stick-meta":"","header-below-stick-meta":""},"categories":[784],"tags":[],"acf":[],"_links":{"self":[{"href":"https:\/\/www.cnbb.org.br\/cnbb-app\/wp\/v2\/posts\/28808"}],"collection":[{"href":"https:\/\/www.cnbb.org.br\/cnbb-app\/wp\/v2\/posts"}],"about":[{"href":"https:\/\/www.cnbb.org.br\/cnbb-app\/wp\/v2\/types\/post"}],"author":[{"embeddable":true,"href":"https:\/\/www.cnbb.org.br\/cnbb-app\/wp\/v2\/users\/83"}],"replies":[{"embeddable":true,"href":"https:\/\/www.cnbb.org.br\/cnbb-app\/wp\/v2\/comments?post=28808"}],"version-history":[{"count":0,"href":"https:\/\/www.cnbb.org.br\/cnbb-app\/wp\/v2\/posts\/28808\/revisions"}],"wp:featuredmedia":[{"embeddable":true,"href":"https:\/\/www.cnbb.org.br\/cnbb-app\/wp\/v2\/media\/28809"}],"wp:attachment":[{"href":"https:\/\/www.cnbb.org.br\/cnbb-app\/wp\/v2\/media?parent=28808"}],"wp:term":[{"taxonomy":"category","embeddable":true,"href":"https:\/\/www.cnbb.org.br\/cnbb-app\/wp\/v2\/categories?post=28808"},{"taxonomy":"post_tag","embeddable":true,"href":"https:\/\/www.cnbb.org.br\/cnbb-app\/wp\/v2\/tags?post=28808"}],"curies":[{"name":"wp","href":"https:\/\/api.w.org\/{rel}","templated":true}]}}