{"id":28824,"date":"2015-12-07T00:00:00","date_gmt":"2015-12-07T02:00:00","guid":{"rendered":"https:\/\/www.cnbb.org.br\/ano-santo-motivara-busca-pelo-sacramento-da-confissao\/"},"modified":"2015-12-07T00:00:00","modified_gmt":"2015-12-07T02:00:00","slug":"ano-santo-motivara-busca-pelo-sacramento-da-confissao","status":"publish","type":"post","link":"https:\/\/www.cnbb.org.br\/ano-santo-motivara-busca-pelo-sacramento-da-confissao\/","title":{"rendered":"Ano Santo motivar\u00e1 busca pelo sacramento da confiss\u00e3o"},"content":{"rendered":"<p style=\"text-align: justify\">Catedrais e santu\u00e1rios do mundo tamb\u00e9m far\u00e3o abertura da Porta Santa, no dia 13 de dezembro<\/p>\n<p><!--more--><\/p>\n<p style=\"text-align: justify\">Amanh\u00e3, 8 de dezembro, Festa da Imaculada Concei\u00e7\u00e3o, o papa Francisco abrir\u00e1, oficialmente, o\u00a0Jubileu Extraordin\u00e1rio da Miseric\u00f3rdia, que tem como lema \u201cSede misericordiosos como o Pai\u201d. O Ano Santo concluir\u00e1 em novembro de 2016. Em mensagem por ocasi\u00e3o do Jubileu da Miseric\u00f3rdia, o papa recorda que a abertura da Porta Santa \u00e9 um gesto de acolhimento a todo o povo de Deus.<\/p>\n<p style=\"text-align: justify\"><span style=\"font-size: 12.16px;line-height: 15.808px\">&#8220;Para viver e obter a indulg\u00eancia os fi\u00e9is s\u00e3o chamados a realizar uma breve peregrina\u00e7\u00e3o rumo \u00e0 Porta Santa, aberta em cada catedral ou nas igrejas estabelecidas pelo bispo diocesano, e nas quatro bas\u00edlicas papais em Roma, como sinal do profundo desejo de verdadeira convers\u00e3o&#8221;, explicou Francisco.<\/span><\/p>\n<p style=\"text-align: justify\"><span style=\"font-size: 12.16px;line-height: 15.808px\">Na carta, o papa desejou que o Ano Santo seja vivido com profundo sentimento de arrependimento dos pecados e reconcilia\u00e7\u00e3o.\u00a0<\/span>&#8220;O perd\u00e3o de Deus n\u00e3o pode ser negado a quem quer que esteja arrependido, sobretudo quando com cora\u00e7\u00e3o sincero se aproxima do Sacramento da Confiss\u00e3o para obter a reconcilia\u00e7\u00e3o com o Pai. Tamb\u00e9m por este motivo, n\u00e3o obstante qualquer disposi\u00e7\u00e3o em contr\u00e1rio, decidi conceder a todos os sacerdotes para o Ano Jubilar a faculdade de absolver do pecado de aborto quantos o cometeram e, arrependidos de cora\u00e7\u00e3o, pedirem que lhes seja perdoado&#8221;, disse.<\/p>\n<p style=\"text-align: justify\"><strong><span style=\"font-size: 12.16px;line-height: 15.808px\">Confira a \u00edntegra da mensagem:<\/span><\/strong><\/p>\n<p style=\"text-align: justify\">A proximidade do Jubileu Extraordin\u00e1rio da Miseric\u00f3rdia permite-me focar alguns pontos sobre os quais considero importante intervir para consentir que a celebra\u00e7\u00e3o do Ano Santo seja para todos os crentes um verdadeiro momento de encontro com a miseric\u00f3rdia de Deus. Com efeito, desejo que o Jubileu seja uma experi\u00eancia viva da proximidade do Pai, como se quis\u00e9ssemos sentir pessoalmente a sua ternura, para que a f\u00e9 de cada crente se revigore e assim o testemunho se torne cada vez mais eficaz.<\/p>\n<p style=\"text-align: justify\">O meu pensamento dirige-se, em primeiro lugar, a todos os fi\u00e9is que em cada Diocese, ou como peregrinos em Roma, viverem a gra\u00e7a do Jubileu. Espero que a indulg\u00eancia jubilar chegue a cada um como uma experi\u00eancia genu\u00edna da miseric\u00f3rdia de Deus, a qual vai ao encontro de todos com o rosto do Pai que acolhe e perdoa, esquecendo completamente o pecado cometido. Para viver e obter a indulg\u00eancia os fi\u00e9is s\u00e3o chamados a realizar uma breve peregrina\u00e7\u00e3o rumo \u00e0 Porta Santa, aberta em cada Catedral ou nas igrejas estabelecidas pelo Bispo diocesano, e nas quatro Bas\u00edlicas Papais em Roma, como sinal do profundo desejo de verdadeira convers\u00e3o. Estabele\u00e7o igualmente que se possa obter a indulg\u00eancia nos Santu\u00e1rios onde se abrir a Porta da Miseric\u00f3rdia e nas igrejas que tradicionalmente s\u00e3o identificadas como Jubilares. \u00c9 importante que este momento esteja unido, em primeiro lugar, ao Sacramento da Reconcilia\u00e7\u00e3o e \u00e0 celebra\u00e7\u00e3o da santa Eucaristia com uma reflex\u00e3o sobre a miseric\u00f3rdia. Ser\u00e1 necess\u00e1rio acompanhar estas celebra\u00e7\u00f5es com a profiss\u00e3o de f\u00e9 e com a ora\u00e7\u00e3o por mim e pelas inten\u00e7\u00f5es que trago no cora\u00e7\u00e3o para o bem da Igreja e do mundo inteiro.<\/p>\n<p style=\"text-align: justify\">Penso tamb\u00e9m em quantos, por diversos motivos, estiverem impossibilitados de ir at\u00e9 \u00e0 Porta Santa, sobretudo os doentes e as pessoas idosas e s\u00f3s, que muitas vezes se encontram em condi\u00e7\u00f5es de n\u00e3o poder sair de casa. Para eles ser\u00e1 de grande ajuda viver a enfermidade e o sofrimento como experi\u00eancia de proximidade ao Senhor que no mist\u00e9rio da sua paix\u00e3o, morte e ressurrei\u00e7\u00e3o indica a via mestra para dar sentido \u00e0 dor e \u00e0 solid\u00e3o. Viver com f\u00e9 e esperan\u00e7a jubilosa este momento de prova\u00e7\u00e3o, recebendo a comunh\u00e3o ou participando na santa Missa e na ora\u00e7\u00e3o comunit\u00e1ria, inclusive atrav\u00e9s dos v\u00e1rios meios de comunica\u00e7\u00e3o, ser\u00e1 para eles o modo de obter a indulg\u00eancia jubilar. O meu pensamento dirige-se tamb\u00e9m aos encarcerados, que experimentam a limita\u00e7\u00e3o da sua liberdade. O Jubileu constituiu sempre a oportunidade de uma grande amnistia, destinada a envolver muitas pessoas que, mesmo merecedoras de puni\u00e7\u00e3o, todavia tomaram consci\u00eancia da injusti\u00e7a perpetrada e desejam sinceramente inserir-se de novo na sociedade, oferecendo o seu contributo honesto. A todos eles chegue concretamente a miseric\u00f3rdia do Pai que quer estar pr\u00f3ximo de quem mais necessita do seu perd\u00e3o. Nas capelas dos c\u00e1rceres poder\u00e3o obter a indulg\u00eancia, e todas as vezes que passarem pela porta da sua cela, dirigindo o pensamento e a ora\u00e7\u00e3o ao Pai, que este gesto signifique para eles a passagem pela Porta Santa, porque a miseric\u00f3rdia de Deus, capaz de mudar os cora\u00e7\u00f5es, consegue tamb\u00e9m \u00a0transformar as grades em experi\u00eancia de liberdade.<\/p>\n<p style=\"text-align: justify\">Eu pedi que a Igreja redescubra neste tempo jubilar a riqueza contida nas obras de miseric\u00f3rdia corporais e espirituais. De fato, a experi\u00eancia da miseric\u00f3rdia torna-se vis\u00edvel no testemunho de sinais concretos como o pr\u00f3prio Jesus nos ensinou. Todas as vezes que um fiel viver uma ou mais destas obras pessoalmente obter\u00e1 sem d\u00favida a indulg\u00eancia jubilar. Daqui o compromisso a viver de miseric\u00f3rdia para alcan\u00e7ar a gra\u00e7a do perd\u00e3o completo e exaustivo pela for\u00e7a do amor do Pai que n\u00e3o exclui ningu\u00e9m. Portanto, tratar-se-\u00e1 de uma indulg\u00eancia jubilar plena, fruto do pr\u00f3prio evento que \u00e9 celebrado e vivido com f\u00e9, esperan\u00e7a e caridade.<\/p>\n<p style=\"text-align: justify\">Enfim, a indulg\u00eancia jubilar pode ser obtida tamb\u00e9m para quantos faleceram. A eles estamos unidos pelo testemunho de f\u00e9 e caridade que nos deixaram. Assim como os recordamos na celebra\u00e7\u00e3o eucar\u00edstica, tamb\u00e9m podemos, no grande mist\u00e9rio da comunh\u00e3o dos Santos, rezar por eles, para que o rosto misericordioso do Pai os liberte de qualquer res\u00edduo de culpa e possa abra\u00e7\u00e1-los na beatitude sem fim.<\/p>\n<p style=\"text-align: justify\">Um dos graves problemas do nosso tempo \u00e9 certamente a alterada rela\u00e7\u00e3o com a vida. Uma mentalidade muito difundida j\u00e1 fez perder a necess\u00e1ria sensibilidade pessoal e social pelo acolhimento de uma nova vida. O drama do aborto \u00e9 vivido por alguns com uma consci\u00eancia superficial, quase sem se dar conta do grav\u00edssimo mal que um gesto \u00a0semelhante comporta. Muitos outros, ao contr\u00e1rio, mesmo vivendo este momento como uma derrota, julgam que n\u00e3o t\u00eam outro caminho a percorrer. Penso, de maneira particular, em todas as mulheres que recorreram ao aborto. Conhe\u00e7o bem os condicionamentos que as levaram a tomar esta decis\u00e3o. Sei que \u00e9 um drama existencial e moral. Encontrei muitas mulheres que traziam no seu cora\u00e7\u00e3o a cicatriz causada por esta escolha sofrida e dolorosa. O que aconteceu \u00e9 profundamente injusto; contudo, s\u00f3 a sua verdadeira compreens\u00e3o pode impedir que se perca a esperan\u00e7a. O perd\u00e3o de Deus n\u00e3o pode ser negado a quem quer que esteja arrependido, sobretudo quando com cora\u00e7\u00e3o sincero se aproxima do Sacramento da Confiss\u00e3o para obter a reconcilia\u00e7\u00e3o com o Pai. Tamb\u00e9m por este motivo, n\u00e3o obstante qualquer disposi\u00e7\u00e3o em contr\u00e1rio, decidi conceder a todos os sacerdotes para o Ano Jubilar a faculdade de absolver do pecado de aborto quantos o cometeram e, arrependidos de cora\u00e7\u00e3o, pedirem que lhes seja perdoado. Os sacerdotes se preparem para esta grande tarefa sabendo conjugar palavras de acolhimento genu\u00edno com uma reflex\u00e3o que ajude a compreender o pecado cometido, e indicar um percurso de convers\u00e3o aut\u00eantica para conseguir entender o verdadeiro e generoso perd\u00e3o do Pai, que tudo renova com a sua presen\u00e7a.<\/p>\n<p style=\"text-align: justify\">Uma \u00faltima considera\u00e7\u00e3o \u00e9 dirigida aos fi\u00e9is que por diversos motivos sentem o desejo de frequentar as igrejas oficiadas pelos sacerdotes da Fraternidade S\u00e3o Pio X. Este Ano Jubilar da Miseric\u00f3rdia n\u00e3o exclui ningu\u00e9m. De diversas partes, alguns irm\u00e3os Bispos referiram-me acerca da sua boa f\u00e9 e pr\u00e1tica sacramental, por\u00e9m unida \u00e0 dificuldade de viver uma condi\u00e7\u00e3o pastoralmente \u00e1rdua. Confio que no futuro pr\u00f3ximo se possam encontrar solu\u00e7\u00f5es para recuperar a plena comunh\u00e3o com os sacerdotes e os superiores da Fraternidade. Entretanto, movido pela exig\u00eancia de corresponder ao bem destes fi\u00e9is, estabele\u00e7o por minha pr\u00f3pria vontade que quantos, durante o Ano Santo da Miseric\u00f3rdia, se aproximarem para celebrar o Sacramento da Reconcilia\u00e7\u00e3o junto dos sacerdotes da Fraternidade S\u00e3o Pio X, recebam validamente e licitamente a absolvi\u00e7\u00e3o dos seus pecados.<\/p>\n<p style=\"text-align: justify\">Confiando na intercess\u00e3o da M\u00e3e da Miseric\u00f3rdia, recomendo \u00e0 sua prote\u00e7\u00e3o a prepara\u00e7\u00e3o deste Jubileu Extraordin\u00e1rio.<\/p>\n<p style=\"text-align: justify\">Vaticano, 1 de setembro de 2015<\/p>\n<p style=\"text-align: justify\">Franciscus<\/p>\n","protected":false},"excerpt":{"rendered":"<p>Catedrais e santu\u00e1rios do mundo tamb\u00e9m far\u00e3o abertura da Porta Santa, no dia 13 de dezembro<\/p>\n","protected":false},"author":83,"featured_media":28825,"comment_status":"open","ping_status":"open","sticky":false,"template":"","format":"standard","meta":{"site-sidebar-layout":"default","site-content-layout":"default","ast-global-header-display":"","ast-banner-title-visibility":"","ast-main-header-display":"","ast-hfb-above-header-display":"","ast-hfb-below-header-display":"","ast-hfb-mobile-header-display":"","site-post-title":"","ast-breadcrumbs-content":"","ast-featured-img":"","footer-sml-layout":"","theme-transparent-header-meta":"","adv-header-id-meta":"","stick-header-meta":"","header-above-stick-meta":"","header-main-stick-meta":"","header-below-stick-meta":""},"categories":[784],"tags":[],"acf":[],"_links":{"self":[{"href":"https:\/\/www.cnbb.org.br\/cnbb-app\/wp\/v2\/posts\/28824"}],"collection":[{"href":"https:\/\/www.cnbb.org.br\/cnbb-app\/wp\/v2\/posts"}],"about":[{"href":"https:\/\/www.cnbb.org.br\/cnbb-app\/wp\/v2\/types\/post"}],"author":[{"embeddable":true,"href":"https:\/\/www.cnbb.org.br\/cnbb-app\/wp\/v2\/users\/83"}],"replies":[{"embeddable":true,"href":"https:\/\/www.cnbb.org.br\/cnbb-app\/wp\/v2\/comments?post=28824"}],"version-history":[{"count":0,"href":"https:\/\/www.cnbb.org.br\/cnbb-app\/wp\/v2\/posts\/28824\/revisions"}],"wp:featuredmedia":[{"embeddable":true,"href":"https:\/\/www.cnbb.org.br\/cnbb-app\/wp\/v2\/media\/28825"}],"wp:attachment":[{"href":"https:\/\/www.cnbb.org.br\/cnbb-app\/wp\/v2\/media?parent=28824"}],"wp:term":[{"taxonomy":"category","embeddable":true,"href":"https:\/\/www.cnbb.org.br\/cnbb-app\/wp\/v2\/categories?post=28824"},{"taxonomy":"post_tag","embeddable":true,"href":"https:\/\/www.cnbb.org.br\/cnbb-app\/wp\/v2\/tags?post=28824"}],"curies":[{"name":"wp","href":"https:\/\/api.w.org\/{rel}","templated":true}]}}