{"id":28828,"date":"2015-12-14T00:00:00","date_gmt":"2015-12-14T02:00:00","guid":{"rendered":"https:\/\/www.cnbb.org.br\/lideres-de-195-paises-aprovam-acordo-global-do-clima-na-cop-21\/"},"modified":"2015-12-14T00:00:00","modified_gmt":"2015-12-14T02:00:00","slug":"lideres-de-195-paises-aprovam-acordo-global-do-clima-na-cop-21","status":"publish","type":"post","link":"https:\/\/www.cnbb.org.br\/lideres-de-195-paises-aprovam-acordo-global-do-clima-na-cop-21\/","title":{"rendered":"L\u00edderes de 195 pa\u00edses aprovam acordo global do clima na COP 21\u00a0"},"content":{"rendered":"<p style=\"text-align: justify\">A decis\u00e3o \u00e9 considerada um\u00a0marco hist\u00f3rico e prev\u00ea a redu\u00e7\u00e3o\u00a0do aquecimento de temperatura<\/p>\n<p><!--more--><\/p>\n<p style=\"text-align: justify\">\n<p style=\"text-align: justify\">A 21\u00aa Confer\u00eancia das Partes da Conven\u00e7\u00e3o das Na\u00e7\u00f5es Unidas sobre Mudan\u00e7a do Clima (COP21) aprovou o maior acordo clim\u00e1tico do mundo. O evento realizado de 30 de novembro a 11 de dezembro, em Paris, na Fran\u00e7a, reuniu representantes de 195 pa\u00edses.<\/p>\n<p style=\"text-align: justify\">O acordo global substituir\u00e1 o Protocolo de Kyoto, em vigor desde fevereiro de 2005. O documento prev\u00ea redu\u00e7\u00e3o do aquecimento da temperatura\u00a0e repasse de US$ 100 bilh\u00f5es, por ano, dos pa\u00edses ricos para na\u00e7\u00f5es\u00a0em desenvolvimento.<\/p>\n<p style=\"text-align: justify\">A Santa S\u00e9 participou da Confer\u00eancia sobre o Clima como observadora. O Vaticano enviou uma delega\u00e7\u00e3o com membros de diversos pa\u00edses, entre eles, o bispo auxiliar de Bras\u00edlia (DF) e secret\u00e1rio geral da Confer\u00eancia Nacional dos Bispos do Brasil (CNBB), dom Leonardo Steiner.<\/p>\n<p style=\"text-align: justify\">De acordo com o bispo, no decorrer da COP 21, houve contato com os demais delegados presentes no evento, para apresenta\u00e7\u00e3o de propostas e preocupa\u00e7\u00f5es da Igreja sobre o clima. \u201cBuscamos alertar as lideran\u00e7as em rela\u00e7\u00e3o a diversas quest\u00f5es do meio ambiente, principalmente aquelas apontas pela Enc\u00edclica <em>Laudato Si\u00b4<\/em>, que foram muito apreciadas durante a Confer\u00eancia\u201d, recordou dom Leonardo.<\/p>\n<p style=\"text-align: justify\"><strong>Apelo do papa<\/strong><\/p>\n<p style=\"text-align: justify\">Ap\u00f3s a ora\u00e7\u00e3o do Angelus, no domingo, 14, o papa Francisco encorajou a comunidade internacional a implementar as decis\u00f5es do \u201chist\u00f3rico acordo\u201d. Recordou a necessidade de se dar\u00a0maior aten\u00e7\u00e3o \u00e0s\u00a0fam\u00edlias e popula\u00e7\u00f5es vulner\u00e1veis.\u00a0\u201cA Confer\u00eancia sobre o Clima concluiu-se em Paris com a ado\u00e7\u00e3o de um acordo, definido por muitos como hist\u00f3rico. A sua implementa\u00e7\u00e3o requer um compromisso de todos e uma generosa dedica\u00e7\u00e3o por parte de cada um. Desejando que seja garantida uma particular aten\u00e7\u00e3o \u00e0s popula\u00e7\u00f5es mais vulner\u00e1veis, exorto toda a comunidade internacional a prosseguir com solicitude o caminho tomado, no sinal de uma solidariedade que se torne sempre mais concreta\u201d, disse o papa Francisco.<\/p>\n<p style=\"text-align: justify\">Sobre o pedido de aten\u00e7\u00e3o com rela\u00e7\u00e3o \u00e0s\u00a0popula\u00e7\u00f5es \u201cvulner\u00e1veis\u201d, feito pelo papa, dom Leonardo recorda o sofrimento dos pobres com as quest\u00f5es ambientais.\u00a0\u201cOs vulner\u00e1veis s\u00e3o os pobres. N\u00e3o podemos esquecer dos pequenos pa\u00edses, da popula\u00e7\u00e3o que vive nas ilhas e em outras regi\u00f5es. Se n\u00e3o contermos o aquecimento global, no futuro, essas ilhas desaparecer\u00e3o. Durante a COP 21, ouvimos esse clamor em defesa desses povos vulner\u00e1veis, principalmente aqueles que vivem em regi\u00f5es sem \u00e1gua ou saneamento b\u00e1sico\u201d, explica o bispo.<\/p>\n<p style=\"text-align: justify\"><strong>Texto aprovado<\/strong><\/p>\n<p style=\"text-align: justify\">O acordo determina aos pa\u00edses para que trabalhem para que aquecimento fique muito abaixo de 2\u00baC, buscando limit\u00e1-lo a 1,5\u00baC, e que pa\u00edses ricos garantam\u00a0financiamento de US$ 100 bilh\u00f5es por ano. N\u00e3o h\u00e1, no texto, men\u00e7\u00e3o \u00e0 porcentagem de corte de emiss\u00e3o de gases-estufa. O acordo deve ser revisto a cada cinco anos.<\/p>\n<p style=\"text-align: justify\">\u201cEsse acordo representa um passo muito importante para o debate sobre as quest\u00f5es clim\u00e1ticas. \u00a0Sabemos que existem outras urg\u00eancias que a Terra necessita, a nossa casa comum. Por\u00e9m, a unanimidade em torno de determinados pontos sobre o meio ambiente \u00e9 um grande avan\u00e7o\u201d, comenta dom Leonardo.<\/p>\n<p style=\"text-align: justify\">O pacto firmado entre os pa\u00edses atinge um consenso global, reconhecendo que as emiss\u00f5es de gases do efeito estufa precisam diminuir radicalmente. Os pa\u00edses desenvolvidos, como os Estados Unidos e os da Uni\u00e3o Europeia, devem repassar recursos financeiros para ajudar pa\u00edses em desenvolvimento a ter a\u00e7\u00f5es de mitiga\u00e7\u00e3o e adapta\u00e7\u00e3o, e &#8220;outras partes s\u00e3o convidadas a prover ou a continuar a prover tal suporte voluntariamente&#8221;.<\/p>\n<p style=\"text-align: justify\">Dom Leonardo fala da medida de ajuda como um avan\u00e7o entre as na\u00e7\u00f5es. \u201cTrata-se de um elemento primordial, a ajuda e coopera\u00e7\u00e3o entre os pa\u00edses no enfrentamento dos problemas clim\u00e1ticos. Ouvir as necessidades dos pequenos pa\u00edses, que s\u00e3o ilhas; ouvir o clamor dos povos \u00e9 muito importante. Agora, temos o desejo que, no futuro, esse debate continue e que n\u00e3o fique apenas nas dimens\u00f5es sugeridas pelo acordo\u201d, pontua o bispo.<\/p>\n<h5 style=\"text-align: justify\">CNBB com informa\u00e7\u00f5es da R\u00e1dio Vaticano.<\/h5>\n","protected":false},"excerpt":{"rendered":"<p>A decis\u00e3o \u00e9 considerada um\u00a0marco hist\u00f3rico e prev\u00ea a redu\u00e7\u00e3o\u00a0do aquecimento de temperatura<\/p>\n","protected":false},"author":83,"featured_media":28829,"comment_status":"open","ping_status":"open","sticky":false,"template":"","format":"standard","meta":{"site-sidebar-layout":"default","site-content-layout":"default","ast-global-header-display":"","ast-banner-title-visibility":"","ast-main-header-display":"","ast-hfb-above-header-display":"","ast-hfb-below-header-display":"","ast-hfb-mobile-header-display":"","site-post-title":"","ast-breadcrumbs-content":"","ast-featured-img":"","footer-sml-layout":"","theme-transparent-header-meta":"","adv-header-id-meta":"","stick-header-meta":"","header-above-stick-meta":"","header-main-stick-meta":"","header-below-stick-meta":""},"categories":[784],"tags":[],"acf":[],"_links":{"self":[{"href":"https:\/\/www.cnbb.org.br\/cnbb-app\/wp\/v2\/posts\/28828"}],"collection":[{"href":"https:\/\/www.cnbb.org.br\/cnbb-app\/wp\/v2\/posts"}],"about":[{"href":"https:\/\/www.cnbb.org.br\/cnbb-app\/wp\/v2\/types\/post"}],"author":[{"embeddable":true,"href":"https:\/\/www.cnbb.org.br\/cnbb-app\/wp\/v2\/users\/83"}],"replies":[{"embeddable":true,"href":"https:\/\/www.cnbb.org.br\/cnbb-app\/wp\/v2\/comments?post=28828"}],"version-history":[{"count":0,"href":"https:\/\/www.cnbb.org.br\/cnbb-app\/wp\/v2\/posts\/28828\/revisions"}],"wp:featuredmedia":[{"embeddable":true,"href":"https:\/\/www.cnbb.org.br\/cnbb-app\/wp\/v2\/media\/28829"}],"wp:attachment":[{"href":"https:\/\/www.cnbb.org.br\/cnbb-app\/wp\/v2\/media?parent=28828"}],"wp:term":[{"taxonomy":"category","embeddable":true,"href":"https:\/\/www.cnbb.org.br\/cnbb-app\/wp\/v2\/categories?post=28828"},{"taxonomy":"post_tag","embeddable":true,"href":"https:\/\/www.cnbb.org.br\/cnbb-app\/wp\/v2\/tags?post=28828"}],"curies":[{"name":"wp","href":"https:\/\/api.w.org\/{rel}","templated":true}]}}