{"id":28831,"date":"2015-12-16T00:00:00","date_gmt":"2015-12-16T02:00:00","guid":{"rendered":"https:\/\/www.cnbb.org.br\/em-audiencia-geral-papa-indica-sinais-do-jubileu-da-misericordia\/"},"modified":"2015-12-16T00:00:00","modified_gmt":"2015-12-16T02:00:00","slug":"em-audiencia-geral-papa-indica-sinais-do-jubileu-da-misericordia","status":"publish","type":"post","link":"https:\/\/www.cnbb.org.br\/em-audiencia-geral-papa-indica-sinais-do-jubileu-da-misericordia\/","title":{"rendered":"Em audi\u00eancia geral, papa indica sinais do Jubileu da Miseric\u00f3rdia"},"content":{"rendered":"<p>Papa faz reflex\u00e3o sobre amor, perd\u00e3o e confiss\u00e3o<\/p>\n<p>  <!--more-->  <\/p>\n<p style=\"text-align: justify\">\u201dEu quis que o sinal da Porta Santa estivesse presente em cada Igreja Particular para que o Jubileu da Miseric\u00f3rdia se torne uma experi\u00eancia que todas as pessoas possam compartilhar\u201d, disse o papa Francisco na catequese da audi\u00eancia geral desta quarta-feira, 16, ao recordar\u00a0a abertura da Porta Santa da Bas\u00edlica de S\u00e3o Jo\u00e3o de Latr\u00e3o e das Portas da Miseric\u00f3rdia em todas as catedrais das dioceses do mundo, no domingo passado.<\/p>\n<p class=\"MsoNormal\" style=\"text-align: justify\">O pont\u00edfice, em sua fala, ressaltou o desejo de que \u201ca comunh\u00e3o eclesial seja cada vez mais intensa\u201d e que \u201ca Igreja seja no mundo o sinal vivo do amor e da miseric\u00f3rdia do Pai\u201d.<\/p>\n<p class=\"MsoNormal\" style=\"text-align: justify\">Amor, perd\u00e3o e a confiss\u00e3o foram os sinais escolhidos pelo papa para explicar aos 15 mil fi\u00e9is reunidos na Pra\u00e7a S\u00e3o Pedro.<\/p>\n<p class=\"MsoNormal\" style=\"text-align: justify\">\u201cA miseric\u00f3rdia e o perd\u00e3o n\u00e3o devem encerrar-se em meras palavras bonitas, mas realizar-se na vida cotidiana. Amar e perdoar s\u00e3o os sinais vis\u00edveis e concretos de que a f\u00e9 tem transformado nossos cora\u00e7\u00f5es e nos permite expressar em n\u00f3s mesmos a vida de Deus\u201d, afirmou. Para Francisco, esses dois prop\u00f3sitos s\u00e3o um \u201cprograma de vida\u201d que n\u00e3o pode ter interrup\u00e7\u00f5es ou exce\u00e7\u00f5es, mas \u201cque impulsiona a ir cada vez mais longe sem cansar, com a certeza de estar sustentado pela presen\u00e7a paternal de Deus\u201d.<\/p>\n<p class=\"MsoNormal\" style=\"text-align: justify\">\u201cEste grande sinal da vida crist\u00e3 logo se converte em muitos outros sinais que s\u00e3o caracter\u00edsticos do Jubileu\u201d, acrescentou. Francisco ressaltou que a salva\u00e7\u00e3o n\u00e3o se paga, \u201c\u00e9 gratuita\u201d e advertiu aos fi\u00e9is que n\u00e3o se deixem enganar e que saibam que para atravessar as Portas Santas n\u00e3o se paga. \u201cA porta \u00e9 Jesus, e Jesus \u00e9 gratuito&#8230; atravessar a Porta Santa \u00e9 o sinal de nossa confian\u00e7a no Senhor Jesus que n\u00e3o veio para julgar, mas para salvar, \u00e9 o sinal de uma verdadeira convers\u00e3o do nosso cora\u00e7\u00e3o\u201d, disse.<\/p>\n<p class=\"MsoNormal\" style=\"text-align: justify\">O papa tamb\u00e9m alertou que \u00e9 bom recordar ao atravessar a Porta Santa \u2013 s\u00edmbolo do Jubileu Extraordin\u00e1rio \u2013de manter &#8220;aberta\u00a0a porta do cora\u00e7\u00e3o&#8221;. &#8220;Porque n\u00e3o teria muito efeito o Ano Santo se a porta do nosso cora\u00e7\u00e3o n\u00e3o desejar passar a Cristo que nos empurra a ir aos outros, para levar-lhes a Ele e seu amor\u201d, acrescentou.<\/p>\n<h3 class=\"MsoNormal\" style=\"text-align: justify\">Confiss\u00e3o<\/h3>\n<p class=\"MsoNormal\" style=\"text-align: justify\">Outro sinal que Francisco destacou em sua catequese desta quarta-feira foi a confiss\u00e3o. \u201cTamb\u00e9m a confiss\u00e3o \u00e9 um sinal importante do Jubileu. Receber o sacramento com o qual nos reconciliamos com Deus \u00e9 ter uma experi\u00eancia direta de sua miseric\u00f3rdia\u201d, falou.<\/p>\n<p class=\"MsoNormal\" style=\"text-align: justify\">O papa apontou\u00a0um questionamento em rela\u00e7\u00e3o ao pedido de perd\u00e3o a Deus e o modo com o qual os fi\u00e9is enfrentam as situa\u00e7\u00f5es que devem oferecer perd\u00e3o. \u201cPerdoar n\u00e3o \u00e9 f\u00e1cil, porque nosso cora\u00e7\u00e3o \u00e9 pobre e com sua pr\u00f3pria for\u00e7a n\u00e3o consegue. Mas, se nos abrimos a receber a miseric\u00f3rdia de Deus para conosco, tamb\u00e9m n\u00f3s seremos capazes de perdoar\u201d, explicou.<\/p>\n<p style=\"text-align: justify\">Ao final da catequese, Francisco animou todos a viverem o Jubileu come\u00e7ando por esses sinais que comportam \u201cuma grande for\u00e7a de amor\u201d. \u00a0 \u00a0<\/p>\n","protected":false},"excerpt":{"rendered":"<p>Papa faz reflex\u00e3o sobre amor, perd\u00e3o e confiss\u00e3o<\/p>\n","protected":false},"author":83,"featured_media":28832,"comment_status":"open","ping_status":"open","sticky":false,"template":"","format":"standard","meta":{"site-sidebar-layout":"default","site-content-layout":"default","ast-global-header-display":"","ast-banner-title-visibility":"","ast-main-header-display":"","ast-hfb-above-header-display":"","ast-hfb-below-header-display":"","ast-hfb-mobile-header-display":"","site-post-title":"","ast-breadcrumbs-content":"","ast-featured-img":"","footer-sml-layout":"","theme-transparent-header-meta":"","adv-header-id-meta":"","stick-header-meta":"","header-above-stick-meta":"","header-main-stick-meta":"","header-below-stick-meta":""},"categories":[784],"tags":[],"acf":[],"_links":{"self":[{"href":"https:\/\/www.cnbb.org.br\/cnbb-app\/wp\/v2\/posts\/28831"}],"collection":[{"href":"https:\/\/www.cnbb.org.br\/cnbb-app\/wp\/v2\/posts"}],"about":[{"href":"https:\/\/www.cnbb.org.br\/cnbb-app\/wp\/v2\/types\/post"}],"author":[{"embeddable":true,"href":"https:\/\/www.cnbb.org.br\/cnbb-app\/wp\/v2\/users\/83"}],"replies":[{"embeddable":true,"href":"https:\/\/www.cnbb.org.br\/cnbb-app\/wp\/v2\/comments?post=28831"}],"version-history":[{"count":0,"href":"https:\/\/www.cnbb.org.br\/cnbb-app\/wp\/v2\/posts\/28831\/revisions"}],"wp:featuredmedia":[{"embeddable":true,"href":"https:\/\/www.cnbb.org.br\/cnbb-app\/wp\/v2\/media\/28832"}],"wp:attachment":[{"href":"https:\/\/www.cnbb.org.br\/cnbb-app\/wp\/v2\/media?parent=28831"}],"wp:term":[{"taxonomy":"category","embeddable":true,"href":"https:\/\/www.cnbb.org.br\/cnbb-app\/wp\/v2\/categories?post=28831"},{"taxonomy":"post_tag","embeddable":true,"href":"https:\/\/www.cnbb.org.br\/cnbb-app\/wp\/v2\/tags?post=28831"}],"curies":[{"name":"wp","href":"https:\/\/api.w.org\/{rel}","templated":true}]}}