{"id":28834,"date":"2015-12-18T00:00:00","date_gmt":"2015-12-18T02:00:00","guid":{"rendered":"https:\/\/www.cnbb.org.br\/vaticano-reconhece-milagre-atribuido-a-madre-teresa-de-calcuta\/"},"modified":"2015-12-18T00:00:00","modified_gmt":"2015-12-18T02:00:00","slug":"vaticano-reconhece-milagre-atribuido-a-madre-teresa-de-calcuta","status":"publish","type":"post","link":"https:\/\/www.cnbb.org.br\/vaticano-reconhece-milagre-atribuido-a-madre-teresa-de-calcuta\/","title":{"rendered":"Vaticano reconhece milagre atribu\u00eddo a Madre Teresa de Calcut\u00e1"},"content":{"rendered":"<p style=\"text-align: justify\">A canoniza\u00e7\u00e3o poder\u00e1 ocorrer no decorrer do Jubileu da Miseric\u00f3rdia<\/p>\n<p><!--more--><\/p>\n<p style=\"text-align: justify\">\n<p style=\"text-align: justify\">A Santa S\u00e9 comunicou o parecer, da Congrega\u00e7\u00e3o para a Causa dos Santos, que aprova o milagre atribu\u00eddo \u00e0 intercess\u00e3o de Madre Teresa de Calcut\u00e1, beatificada por S\u00e3o Jo\u00e3o Paulo II, em 2003. Na quinta-feira, 17, o papa Francisco confirmou a decis\u00e3o da canoniza\u00e7\u00e3o da beata que, provavelmente, ocorrer\u00e1 durante as celebra\u00e7\u00f5es do Ano da Miseric\u00f3rdia.<\/p>\n<p style=\"text-align: justify\">O processo de avalia\u00e7\u00e3o foi conclu\u00eddo em julho deste ano. O milagre atribu\u00eddo a Madre Teresa ocorreu no Brasil, para a cura inexplic\u00e1vel de um homem, morador de Santos (SP), em meados de 2008. Na \u00e9poca, ele tinha 35 anos e sofria de grave doen\u00e7a cerebral. Ap\u00f3s pedir a intercess\u00e3o da beata, teve recupera\u00e7\u00e3o imediata.<\/p>\n<p style=\"text-align: justify\"><strong>Reconhecimento<\/strong><\/p>\n<p style=\"text-align: justify\">De acordo com o promotor de justi\u00e7a no processo local de canoniza\u00e7\u00e3o, padre Caetano Rizzi, o caso do milagre foi enviado ao Vaticano no in\u00edcio deste ano. Por n\u00e3o haver impedimentos, foi considerado v\u00e1lido para a instaura\u00e7\u00e3o do processo.<\/p>\n<p style=\"text-align: justify\">&#8220;Ouvimos diversas testemunhas, ouvimos o poss\u00edvel miraculado. Foi um processo longo, intenso, com muitas audi\u00eancias e muito trabalho. Mas a gra\u00e7a de Deus nos faz chegar \u00e0 conclus\u00e3o de que n\u00e3o temos aqui uma palavra para explicar o que aconteceu. Est\u00e1 sendo um processo muito r\u00e1pido porque os fatos s\u00e3o evidentes\u201d, explicou o sacerdote.<\/p>\n<p style=\"text-align: justify\">O delegado episcopal do Vaticano para o tribunal local, monsenhor Robert Sarno, descreveu\u00a0como foi a \u00faltima parte do processo. \u201cEles devem emitir uma opini\u00e3o se existe uma explica\u00e7\u00e3o cient\u00edfica para a imediata e instant\u00e2nea cura da pessoa. Se um deles afirma que sim, ent\u00e3o o caso vai para a an\u00e1lise do conselho m\u00e9dico da Congrega\u00e7\u00e3o que vai avaliar o poss\u00edvel milagre com base nos depoimentos das testemunhas e na documenta\u00e7\u00e3o m\u00e9dica do caso\u201d.<\/p>\n<p style=\"text-align: justify\"><strong>Vida de Madre Teresa\u00a0<\/strong><\/p>\n<p style=\"text-align: justify\">Madre Teresa nasceu em 1910 em Skopje, territ\u00f3rio alban\u00eas, atualmente capital da Maced\u00f4nia, e morreu em 1997 em Calcut\u00e1, na \u00cdndia. Anjez\u00eb Gonxhe Bojaxhiu, nome de batismo da beata, recebeu o Pr\u00eamio Nobel da Paz em 1979 por sua atua\u00e7\u00e3o mission\u00e1ria. Ela deixou sua terra natal aos 18 anos, retornando d\u00e9cadas mais tarde. A religiosa fundou a\u00a0congrega\u00e7\u00e3o &#8220;Mission\u00e1rias da Caridade&#8221;.<\/p>\n<h5 style=\"text-align: justify\">CNBB com informa\u00e7\u00f5es e foto da R\u00e1dio Vaticano.<\/h5>\n<h5><\/h5>\n","protected":false},"excerpt":{"rendered":"<p>A canoniza\u00e7\u00e3o poder\u00e1 ocorrer no decorrer do Jubileu da Miseric\u00f3rdia<\/p>\n","protected":false},"author":83,"featured_media":28835,"comment_status":"open","ping_status":"open","sticky":false,"template":"","format":"standard","meta":{"site-sidebar-layout":"default","site-content-layout":"default","ast-global-header-display":"","ast-banner-title-visibility":"","ast-main-header-display":"","ast-hfb-above-header-display":"","ast-hfb-below-header-display":"","ast-hfb-mobile-header-display":"","site-post-title":"","ast-breadcrumbs-content":"","ast-featured-img":"","footer-sml-layout":"","theme-transparent-header-meta":"","adv-header-id-meta":"","stick-header-meta":"","header-above-stick-meta":"","header-main-stick-meta":"","header-below-stick-meta":""},"categories":[784],"tags":[],"acf":[],"_links":{"self":[{"href":"https:\/\/www.cnbb.org.br\/cnbb-app\/wp\/v2\/posts\/28834"}],"collection":[{"href":"https:\/\/www.cnbb.org.br\/cnbb-app\/wp\/v2\/posts"}],"about":[{"href":"https:\/\/www.cnbb.org.br\/cnbb-app\/wp\/v2\/types\/post"}],"author":[{"embeddable":true,"href":"https:\/\/www.cnbb.org.br\/cnbb-app\/wp\/v2\/users\/83"}],"replies":[{"embeddable":true,"href":"https:\/\/www.cnbb.org.br\/cnbb-app\/wp\/v2\/comments?post=28834"}],"version-history":[{"count":0,"href":"https:\/\/www.cnbb.org.br\/cnbb-app\/wp\/v2\/posts\/28834\/revisions"}],"wp:featuredmedia":[{"embeddable":true,"href":"https:\/\/www.cnbb.org.br\/cnbb-app\/wp\/v2\/media\/28835"}],"wp:attachment":[{"href":"https:\/\/www.cnbb.org.br\/cnbb-app\/wp\/v2\/media?parent=28834"}],"wp:term":[{"taxonomy":"category","embeddable":true,"href":"https:\/\/www.cnbb.org.br\/cnbb-app\/wp\/v2\/categories?post=28834"},{"taxonomy":"post_tag","embeddable":true,"href":"https:\/\/www.cnbb.org.br\/cnbb-app\/wp\/v2\/tags?post=28834"}],"curies":[{"name":"wp","href":"https:\/\/api.w.org\/{rel}","templated":true}]}}