{"id":28840,"date":"2016-01-04T00:00:00","date_gmt":"2016-01-04T02:00:00","guid":{"rendered":"https:\/\/www.cnbb.org.br\/entra-em-vigor-acordo-de-convivencia-pacifica-entre-santa-se-e-palestina\/"},"modified":"2016-01-04T00:00:00","modified_gmt":"2016-01-04T02:00:00","slug":"entra-em-vigor-acordo-de-convivencia-pacifica-entre-santa-se-e-palestina","status":"publish","type":"post","link":"https:\/\/www.cnbb.org.br\/entra-em-vigor-acordo-de-convivencia-pacifica-entre-santa-se-e-palestina\/","title":{"rendered":"Entra em vigor acordo de conviv\u00eancia pac\u00edfica entre Santa S\u00e9 e Palestina\u00a0"},"content":{"rendered":"<p class=\"MsoNormal\" style=\"text-align: justify\"><span style=\"font-size: 12.16px;line-height: 15.808px\">O Documento reconhece o estado palestino e tem\u00a0car\u00e1ter de direito internacional<\/span><\/p>\n<p><!--more--><\/p>\n<p class=\"MsoNormal\" style=\"text-align: justify\">\n<p class=\"MsoNormal\" style=\"text-align: justify\">Constitu\u00eddo de um pre\u00e2mbulo e 32 artigos, divididos em 8 cap\u00edtulos, o Acordo Global entre a Santa S\u00e9 e Palestina est\u00e1 em vigor. O texto foi assinado em 26 de junho do ano passado, com o prop\u00f3sito de firmar conviv\u00eancia pac\u00edfica e minimizar conflitos na regi\u00e3o.<\/p>\n<p class=\"MsoNormal\" style=\"text-align: justify\">O acordo trata de aspectos essenciais da vida e da atividade da igreja na Palestina e marca o in\u00edcio de novas rela\u00e7\u00f5es entre a Santa S\u00e9 e o Estado Palestino, que passa a ser reconhecido pelo Vaticano. As negocia\u00e7\u00f5es desses governos iniciaram em 2000, por meio de Comiss\u00e3o bilateral.<\/p>\n<p class=\"MsoNormal\" style=\"text-align: justify\">Ap\u00f3s 15 anos do pedido de liberta\u00e7\u00e3o da Palestina, o documento marca novo cap\u00edtulo dessa hist\u00f3ria, pois \u00a0reafirma o acordo de paz e o di\u00e1logo.<\/p>\n<p class=\"MsoNormal\" style=\"text-align: justify\"><strong>Direito internacional\u00a0<\/strong><\/p>\n<p class=\"MsoNormal\" style=\"text-align: justify\">O Acordo Global afirmado entre a Santa S\u00e9 e o Estado da Palestina \u00e9 de car\u00e1ter de direito internacional. Com assinatura do documento, afirma-se a autodetermina\u00e7\u00e3o do povo palestino, o significado n\u00e3o-simb\u00f3lico de Jerusal\u00e9m, o car\u00e1ter sagrado da cidade para hebreus, crist\u00e3os e mu\u00e7ulmanos, o valor religioso universal e cultural como tesouro para toda a humanidade e os interesses da Santa S\u00e9 na Terra Santa.<\/p>\n<p class=\"MsoNormal\" style=\"text-align: justify\">No artigo 2 do Acordo, evidencia-se a liberdade reconhecida pela &#8220;Igreja Cat\u00f3lica, pelas pessoas jur\u00eddicas e can\u00f4nicas e por todos os cat\u00f3licos&#8221; (art.2 \u00a73), interpretada e regulada com base nos padr\u00f5es do direito internacional.<\/p>\n<h5 class=\"MsoNormal\" style=\"text-align: justify\">CNBB com informa\u00e7\u00f5es da R\u00e1dio Vaticano.<\/h5>\n","protected":false},"excerpt":{"rendered":"<p>O Documento reconhece o estado palestino e tem\u00a0car\u00e1ter de direito internacional<\/p>\n","protected":false},"author":83,"featured_media":28841,"comment_status":"open","ping_status":"open","sticky":false,"template":"","format":"standard","meta":{"site-sidebar-layout":"default","site-content-layout":"default","ast-global-header-display":"","ast-banner-title-visibility":"","ast-main-header-display":"","ast-hfb-above-header-display":"","ast-hfb-below-header-display":"","ast-hfb-mobile-header-display":"","site-post-title":"","ast-breadcrumbs-content":"","ast-featured-img":"","footer-sml-layout":"","theme-transparent-header-meta":"","adv-header-id-meta":"","stick-header-meta":"","header-above-stick-meta":"","header-main-stick-meta":"","header-below-stick-meta":""},"categories":[784],"tags":[],"acf":[],"_links":{"self":[{"href":"https:\/\/www.cnbb.org.br\/cnbb-app\/wp\/v2\/posts\/28840"}],"collection":[{"href":"https:\/\/www.cnbb.org.br\/cnbb-app\/wp\/v2\/posts"}],"about":[{"href":"https:\/\/www.cnbb.org.br\/cnbb-app\/wp\/v2\/types\/post"}],"author":[{"embeddable":true,"href":"https:\/\/www.cnbb.org.br\/cnbb-app\/wp\/v2\/users\/83"}],"replies":[{"embeddable":true,"href":"https:\/\/www.cnbb.org.br\/cnbb-app\/wp\/v2\/comments?post=28840"}],"version-history":[{"count":0,"href":"https:\/\/www.cnbb.org.br\/cnbb-app\/wp\/v2\/posts\/28840\/revisions"}],"wp:featuredmedia":[{"embeddable":true,"href":"https:\/\/www.cnbb.org.br\/cnbb-app\/wp\/v2\/media\/28841"}],"wp:attachment":[{"href":"https:\/\/www.cnbb.org.br\/cnbb-app\/wp\/v2\/media?parent=28840"}],"wp:term":[{"taxonomy":"category","embeddable":true,"href":"https:\/\/www.cnbb.org.br\/cnbb-app\/wp\/v2\/categories?post=28840"},{"taxonomy":"post_tag","embeddable":true,"href":"https:\/\/www.cnbb.org.br\/cnbb-app\/wp\/v2\/tags?post=28840"}],"curies":[{"name":"wp","href":"https:\/\/api.w.org\/{rel}","templated":true}]}}