{"id":28842,"date":"2016-01-04T00:00:00","date_gmt":"2016-01-04T02:00:00","guid":{"rendered":"https:\/\/www.cnbb.org.br\/papa-francisco-destaca-importancia-da-leitura-diaria-da-palavra-de-deus\/"},"modified":"2016-01-04T00:00:00","modified_gmt":"2016-01-04T02:00:00","slug":"papa-francisco-destaca-importancia-da-leitura-diaria-da-palavra-de-deus","status":"publish","type":"post","link":"https:\/\/www.cnbb.org.br\/papa-francisco-destaca-importancia-da-leitura-diaria-da-palavra-de-deus\/","title":{"rendered":"Papa Francisco destaca import\u00e2ncia da leitura di\u00e1ria da Palavra de Deus"},"content":{"rendered":"<p class=\"MsoNormal\" style=\"text-align: justify\">Milhares de peregrinos acompanharam a medita\u00e7\u00e3o do Angelus na Pra\u00e7a de S\u00e3o Pedro<\/p>\n<p><!--more--><\/p>\n<p class=\"MsoNormal\" style=\"text-align: justify\">No primeiro domingo do ano, 3 de janeiro, o papa Francisco dedicou a reflex\u00e3o do Angelus para falar da voca\u00e7\u00e3o crist\u00e3. Ele abordou, tamb\u00e9m, a encarna\u00e7\u00e3o do Verbo e o amor do Pai por cada pessoa. \u201cO Verbo de Deus \u00e9 seu pr\u00f3prio Filho Unig\u00eanito, feito homem, repleto de amor e de fidelidade\u201d, disse o papa.<\/p>\n<p class=\"MsoNormal\" style=\"text-align: justify\">Para Francisco, a voca\u00e7\u00e3o e a alegria de todo batizado \u00e9 indicar e dar Jesus aos outros, \u201cmas para fazer isso devemos conhec\u00ea-lo e t\u00ea-lo dentro de n\u00f3s, como Senhor da nossa vida\u201d.<\/p>\n<p class=\"MsoNormal\" style=\"text-align: justify\">Durante o Angelus, o papa recordou a import\u00e2ncia da leitura di\u00e1ria da Palavra de Deus, luz para o mundo. \u201cTodos os dias ler um trecho do Evangelho, uma passagem do Evangelho para conhecer melhor Jesus, para escancarar o nosso cora\u00e7\u00e3o a Ele, e assim poderemos fazer com que os outros o conhe\u00e7am melhor. Carregar consigo um pequeno Evangelho no bolso, na bolsa, nos far\u00e1 bem. N\u00e3o se esque\u00e7am: todos os dias leiamos uma passagem do Evangelho\u201d, sugeriu Francisco.<\/p>\n<p class=\"MsoNormal\" style=\"text-align: justify\"><strong>Ano da Miseric\u00f3rdia<\/strong><\/p>\n<p class=\"MsoNormal\" style=\"text-align: justify\">Ao recordar o Jubileu Extraordin\u00e1rio da Miseric\u00f3rdia, o papa disse que a Igreja convida cada crist\u00e3o para acolher Palavra de salva\u00e7\u00e3o. \u201cSe acolhermos Jesus, cresceremos no conhecimento e no amor do Senhor, aprenderemos a ser misericordiosos como Ele\u201d, refletiu.<\/p>\n<p class=\"MsoNormal\" style=\"text-align: justify\">Ainda, no contexto do Ano Santo, o papa pediu aos fieis para que coloquem o Evangelho no centro da vida: \u00a0\u201cTomar o Evangelho, medit\u00e1-lo, encarn\u00e1-lo em nossa vida cotidiana \u00e9 o melhor modo para conhecer Jesus e lev\u00e1-lo aos outros. \u201cJesus nos defende do mal, do diabo, que sempre est\u00e1 \u00e0 espreita diante da nossa porta, diante do nosso cora\u00e7\u00e3o, e quer entrar\u201d.<\/p>\n<p class=\"MsoNormal\" style=\"text-align: justify\">Ao final, desejou aos milhares de peregrinos, que acompanharam o Angelus, na Pra\u00e7a de S\u00e3o Pedro, um novo ano de paz. \u201cNos momentos alegres e nos momentos tristes, confiemo-nos a Ele, que \u00e9 a nossa miseric\u00f3rdia e nossa esperan\u00e7a!\u201d, concluiu o papa.<\/p>\n<h5 class=\"MsoNormal\" style=\"text-align: justify\">CNBB com informa\u00e7\u00f5es do News.va<\/h5>\n<h5 style=\"text-align: justify\"><\/h5>\n<p class=\"MsoNormal\">\n","protected":false},"excerpt":{"rendered":"<p>Milhares de peregrinos acompanharam a medita\u00e7\u00e3o do Angelus na Pra\u00e7a de S\u00e3o Pedro<\/p>\n","protected":false},"author":83,"featured_media":787,"comment_status":"open","ping_status":"open","sticky":false,"template":"","format":"standard","meta":{"site-sidebar-layout":"default","site-content-layout":"default","ast-global-header-display":"","ast-banner-title-visibility":"","ast-main-header-display":"","ast-hfb-above-header-display":"","ast-hfb-below-header-display":"","ast-hfb-mobile-header-display":"","site-post-title":"","ast-breadcrumbs-content":"","ast-featured-img":"","footer-sml-layout":"","theme-transparent-header-meta":"","adv-header-id-meta":"","stick-header-meta":"","header-above-stick-meta":"","header-main-stick-meta":"","header-below-stick-meta":""},"categories":[784],"tags":[],"acf":[],"_links":{"self":[{"href":"https:\/\/www.cnbb.org.br\/cnbb-app\/wp\/v2\/posts\/28842"}],"collection":[{"href":"https:\/\/www.cnbb.org.br\/cnbb-app\/wp\/v2\/posts"}],"about":[{"href":"https:\/\/www.cnbb.org.br\/cnbb-app\/wp\/v2\/types\/post"}],"author":[{"embeddable":true,"href":"https:\/\/www.cnbb.org.br\/cnbb-app\/wp\/v2\/users\/83"}],"replies":[{"embeddable":true,"href":"https:\/\/www.cnbb.org.br\/cnbb-app\/wp\/v2\/comments?post=28842"}],"version-history":[{"count":0,"href":"https:\/\/www.cnbb.org.br\/cnbb-app\/wp\/v2\/posts\/28842\/revisions"}],"wp:featuredmedia":[{"embeddable":true,"href":"https:\/\/www.cnbb.org.br\/cnbb-app\/wp\/v2\/media\/787"}],"wp:attachment":[{"href":"https:\/\/www.cnbb.org.br\/cnbb-app\/wp\/v2\/media?parent=28842"}],"wp:term":[{"taxonomy":"category","embeddable":true,"href":"https:\/\/www.cnbb.org.br\/cnbb-app\/wp\/v2\/categories?post=28842"},{"taxonomy":"post_tag","embeddable":true,"href":"https:\/\/www.cnbb.org.br\/cnbb-app\/wp\/v2\/tags?post=28842"}],"curies":[{"name":"wp","href":"https:\/\/api.w.org\/{rel}","templated":true}]}}