{"id":28843,"date":"2016-01-06T00:00:00","date_gmt":"2016-01-06T02:00:00","guid":{"rendered":"https:\/\/www.cnbb.org.br\/cristo-e-a-luz-verdadeira-disse-o-papa-francisco\/"},"modified":"2016-01-06T00:00:00","modified_gmt":"2016-01-06T02:00:00","slug":"cristo-e-a-luz-verdadeira-disse-o-papa-francisco","status":"publish","type":"post","link":"https:\/\/www.cnbb.org.br\/cristo-e-a-luz-verdadeira-disse-o-papa-francisco\/","title":{"rendered":"\u201cCristo \u00e9 a luz verdadeira\u201d, disse o papa Francisco"},"content":{"rendered":"<p>A reflex\u00e3o marcou a celebra\u00e7\u00e3o da Festa de Reis, no Vaticano<\/p>\n<p>  <!--more-->  <\/p>\n<p style=\"text-align: justify\">Na Solenidade da Epifania do Senhor, que recorda a Festa de Reis, o papa Francisco presidiu missa, na Bas\u00edlica de S\u00e3o Pedro, na quarta-feira, 6 de janeiro. Durante\u00a0a homilia, destacou que a \u201cIgreja n\u00e3o pode iludir-se de brilhar com luz pr\u00f3pria\u201d, \u201cmas com a de Cristo, a luz verdadeira\u201d.\u00a0<\/p>\n<p style=\"text-align: justify\">Por ocasi\u00e3o da celebra\u00e7\u00e3o dos Reis Magos, o papa recordou que, a exemplo deles, todos s\u00e3o\u00a0chamados \u201ca sair dos nossos fechamentos, a sair de n\u00f3s mesmos, para reconhecermos a luz esplendorosa que ilumina a nossa exist\u00eancia\u201d.<\/p>\n<p style=\"text-align: justify\">Na reflex\u00e3o disse, ainda, que a voca\u00e7\u00e3o dos batizados \u00e9 ser luz no mundo, testemunhando a miseric\u00f3rdia de Deus. \u201cA miss\u00e3o \u00e9 a sua voca\u00e7\u00e3o: fazer resplandecer a luz de Cristo \u00e9 o seu servi\u00e7o. Quantas pessoas esperam de n\u00f3s este servi\u00e7o mission\u00e1rio, porque precisam de Cristo, precisam de conhecer o rosto do Pai!\u201d, lembrou Francisco.\u00a0<\/p>\n<p style=\"text-align: center\"><strong>Homilia da Epifania do Senhor<\/strong><\/p>\n<p style=\"text-align: justify\">As palavras do profeta Isa\u00edas, dirigidas \u00e0 cidade santa de Jerusal\u00e9m, convidam a levantar-nos, a sair \u2013 a sair dos nossos fechamentos, a sair de n\u00f3s mesmos \u2013 para reconhecermos a luz esplendorosa que ilumina a nossa exist\u00eancia: \u00abLevanta-te e resplandece, Jerusal\u00e9m, que est\u00e1 a chegar a tua luz! A gl\u00f3ria do Senhor amanhece sobre ti!\u00bb (60, 1). A \u00abtua luz\u00bb \u00e9 a gl\u00f3ria do Senhor. A Igreja n\u00e3o pode iludir-se de brilhar com luz pr\u00f3pria; n\u00e3o pode! Lembra-o Santo Ambr\u00f3sio com uma bela express\u00e3o em que usa a lua como met\u00e1fora da Igreja: \u00abVerdadeiramente como a lua \u00e9 a Igreja (&#8230;) brilha, n\u00e3o com luz pr\u00f3pria, mas com a de Cristo. Recebe o seu pr\u00f3prio esplendor do Sol de Justi\u00e7a, podendo assim dizer: \u201cJ\u00e1 n\u00e3o sou eu que vivo, \u00e9 Cristo vive em mim\u201d\u00bb (Exameron, IV, 8, 32). Cristo \u00e9 a luz verdadeira, que ilumina; e a Igreja, na medida em que permanece ancorada n\u2019Ele, na medida em que se deixa iluminar por Ele, consegue iluminar a vida das pessoas e dos povos. Por isso, os Santos Padres reconheciam, na Igreja, o \u00abmysterium lunae\u00bb.<\/p>\n<p style=\"text-align: justify\">Temos necessidade desta luz, que vem do Alto, para corresponder coerentemente \u00e0 voca\u00e7\u00e3o que recebemos. Anunciar o Evangelho de Cristo n\u00e3o \u00e9 uma op\u00e7\u00e3o que podemos fazer de entre muitas, nem \u00e9 uma profiss\u00e3o. Para a Igreja, ser mission\u00e1ria n\u00e3o significa fazer proselitismo; para a Igreja, ser mission\u00e1ria equivale a exprimir a sua pr\u00f3pria natureza: ser iluminada por Deus e refletir a sua luz. Este \u00e9 o seu servi\u00e7o. N\u00e3o h\u00e1 outra estrada. A miss\u00e3o \u00e9 a sua voca\u00e7\u00e3o: fazer resplandecer a luz de Cristo \u00e9 o seu servi\u00e7o. Quantas pessoas esperam de n\u00f3s este servi\u00e7o mission\u00e1rio, porque precisam de Cristo, precisam de conhecer o rosto do Pai!<\/p>\n<p style=\"text-align: justify\">Os Magos, de que nos fala o Evangelho de Mateus, s\u00e3o um testemunho vivo de como est\u00e3o presentes por todo o lado as sementes da verdade, pois s\u00e3o dom do Criador que, a todos, chama a reconhec\u00ea-Lo como Pai bom e fiel. Os Magos representam as pessoas, dos quatro cantos da terra, que s\u00e3o acolhidas na casa de Deus. Na presen\u00e7a de Jesus, j\u00e1 n\u00e3o h\u00e1 qualquer divis\u00e3o de ra\u00e7a, l\u00edngua e cultura: naquele Menino, toda a humanidade encontra a sua unidade. E a Igreja tem o dever de reconhecer e fazer surgir, de forma cada vez mais clara, o desejo de Deus que cada um traz dentro de si. Este \u00e9 o servi\u00e7o da Igreja, com a luz que ela reflete: fazer surgir o desejo de Deus que cada um traz dentro de si. Como os Magos, ainda hoje, h\u00e1 muitas pessoas que vivem com o \u00abcora\u00e7\u00e3o inquieto\u00bb, continuando a questionar-se sem encontrar respostas certas (a inquieta\u00e7\u00e3o nasce do Esp\u00edrito Santo, que se move nos cora\u00e7\u00f5es). Tamb\u00e9m elas andam \u00e0 procura da estrela que indica a estrada para Bel\u00e9m.<\/p>\n<p style=\"text-align: justify\">Quantas estrelas existem no c\u00e9u! E todavia os Magos seguiram uma diferente, uma nova, que \u2013 segundo eles \u2013 brilhava muito mais. Longamente perscrutaram o grande livro do c\u00e9u para encontrar uma resposta \u00e0s suas quest\u00f5es (sentiam o cora\u00e7\u00e3o inquieto) e, finalmente, a luz aparecera. Aquela estrela mudou-os. Fez-lhes esquecer as ocupa\u00e7\u00f5es di\u00e1rias e puseram-se imediatamente a caminho. Deram ouvidos a uma voz que, no \u00edntimo, os impelia a seguir aquela luz \u2013 \u00e9 a voz do Esp\u00edrito Santo, que atua em todas as pessoas \u2013; e a luz guiou-os at\u00e9 encontrarem o rei dos judeus numa pobre casa de Bel\u00e9m.<\/p>\n<p style=\"text-align: justify\">Tudo isto \u00e9 uma li\u00e7\u00e3o para n\u00f3s. Hoje far-nos-\u00e1 bem repetir a pergunta dos Magos: \u00abOnde est\u00e1 o rei dos judeus que acaba de nascer? Vimos a sua estrela no Oriente e viemos ador\u00e1-lo\u00bb (Mt 2, 2). Somos chamados, sobretudo num tempo como o nosso, a procurar os sinais que Deus oferece, cientes de que se requer o nosso esfor\u00e7o para os decifrar e, assim, compreender a vontade divina. Somos desafiados a ir a Bel\u00e9m encontrar o Menino e sua M\u00e3e. Sigamos a luz que Deus nos oferece! \u00c9 uma luz pequenina; o hino do Brevi\u00e1rio diz-nos, poeticamente, que os Magos \u00ablumen requirunt lumine\u00bb. Aquela luz pequenina \u00e9 a luz que irradia do rosto de Cristo, cheio de miseric\u00f3rdia e fidelidade. E, quando chegarmos junto d\u2019Ele, adoremo-Lo com todo o cora\u00e7\u00e3o e ofere\u00e7amos-Lhe de presente a nossa liberdade, a nossa intelig\u00eancia, o nosso amor. A verdadeira sabedoria esconde-se no rosto deste Menino. \u00c9 aqui, na simplicidade de Bel\u00e9m, que a vida da Igreja encontra a sua s\u00edntese. Aqui est\u00e1 a fonte daquela luz que atrai a si toda a pessoa no mundo e orienta o caminho dos povos pela senda da paz.<\/p>\n<h5 style=\"text-align: justify\">CNBB com informa\u00e7\u00f5es da Sala de Imprensa da Santa S\u00e9.\u00a0<\/h5>\n","protected":false},"excerpt":{"rendered":"<p>A reflex\u00e3o marcou a celebra\u00e7\u00e3o da Festa de Reis, no Vaticano<\/p>\n","protected":false},"author":83,"featured_media":28844,"comment_status":"open","ping_status":"open","sticky":false,"template":"","format":"standard","meta":{"site-sidebar-layout":"default","site-content-layout":"default","ast-global-header-display":"","ast-banner-title-visibility":"","ast-main-header-display":"","ast-hfb-above-header-display":"","ast-hfb-below-header-display":"","ast-hfb-mobile-header-display":"","site-post-title":"","ast-breadcrumbs-content":"","ast-featured-img":"","footer-sml-layout":"","theme-transparent-header-meta":"","adv-header-id-meta":"","stick-header-meta":"","header-above-stick-meta":"","header-main-stick-meta":"","header-below-stick-meta":""},"categories":[784],"tags":[],"acf":[],"_links":{"self":[{"href":"https:\/\/www.cnbb.org.br\/cnbb-app\/wp\/v2\/posts\/28843"}],"collection":[{"href":"https:\/\/www.cnbb.org.br\/cnbb-app\/wp\/v2\/posts"}],"about":[{"href":"https:\/\/www.cnbb.org.br\/cnbb-app\/wp\/v2\/types\/post"}],"author":[{"embeddable":true,"href":"https:\/\/www.cnbb.org.br\/cnbb-app\/wp\/v2\/users\/83"}],"replies":[{"embeddable":true,"href":"https:\/\/www.cnbb.org.br\/cnbb-app\/wp\/v2\/comments?post=28843"}],"version-history":[{"count":0,"href":"https:\/\/www.cnbb.org.br\/cnbb-app\/wp\/v2\/posts\/28843\/revisions"}],"wp:featuredmedia":[{"embeddable":true,"href":"https:\/\/www.cnbb.org.br\/cnbb-app\/wp\/v2\/media\/28844"}],"wp:attachment":[{"href":"https:\/\/www.cnbb.org.br\/cnbb-app\/wp\/v2\/media?parent=28843"}],"wp:term":[{"taxonomy":"category","embeddable":true,"href":"https:\/\/www.cnbb.org.br\/cnbb-app\/wp\/v2\/categories?post=28843"},{"taxonomy":"post_tag","embeddable":true,"href":"https:\/\/www.cnbb.org.br\/cnbb-app\/wp\/v2\/tags?post=28843"}],"curies":[{"name":"wp","href":"https:\/\/api.w.org\/{rel}","templated":true}]}}