{"id":28861,"date":"2016-01-28T00:00:00","date_gmt":"2016-01-28T02:00:00","guid":{"rendered":"https:\/\/www.cnbb.org.br\/nuncio-apostolico-participa-da-25-edicao-do-curso-para-os-bispos\/"},"modified":"2016-01-28T00:00:00","modified_gmt":"2016-01-28T02:00:00","slug":"nuncio-apostolico-participa-da-25-edicao-do-curso-para-os-bispos","status":"publish","type":"post","link":"https:\/\/www.cnbb.org.br\/nuncio-apostolico-participa-da-25-edicao-do-curso-para-os-bispos\/","title":{"rendered":"N\u00fancio apost\u00f3lico participa da 25\u00ba edi\u00e7\u00e3o do Curso para os Bispos"},"content":{"rendered":"<p><span style=\"font-size: 12.16px;line-height: 15.808px\">A forma\u00e7\u00e3o, que encerra hoje, 29,\u00a0recebe conferencistas internacionais para tratar da fam\u00edlia<\/span><\/p>\n<p><!--more--><\/p>\n<p style=\"text-align: justify\">Com o tema \u201cFam\u00edlia\u201d, a 25\u00aa edi\u00e7\u00e3o do Curso para os Bispos re\u00fane participantes de diversas regi\u00f5es do Brasil. A atividade iniciou na segunda-feira, 25 de janeiro, e prosseguir\u00e1 at\u00e9 sexta, 29, no Centro de Estudos e Forma\u00e7\u00e3o do Sumar\u00e9, no Rio Comprido.<\/p>\n<p style=\"text-align: justify\">Este ano, o curso promovido pela arquidiocese do Rio de Janeiro (RJ) conta com presen\u00e7a do n\u00fancio apost\u00f3lico no Brasil, dom Giovanni d&#8217;Aniello e do professor de teologia pastoral do matrim\u00f4nio e da fam\u00edlia do Pontif\u00edcio Instituto Jo\u00e3o Paulo II, da Universidade Lateranense, de Roma, monsenhor Juan Jos\u00e9 P\u00e9rez Soba.<\/p>\n<p style=\"text-align: justify\">O curso recebe outros conferencistas nacionais e internacionais, entre eles o bispo de Cama\u00e7ari (BA) e ex-presidente da Comiss\u00e3o Episcopal para a Vida e a Fam\u00edlia da Confer\u00eancia Nacional dos Bispos do Brasil (CNBB), dom Jo\u00e3o Carlos Petrini; um dos peritos convidados no \u00faltimo S\u00ednodo dos Bispos sobre a Fam\u00edlia, monsenhor Jos\u00e9 Granados Garc\u00eda; e o doutor em Filosofia e em Direito Can\u00f4nico, padre Jesus Hortal S\u00e1nchez.\u00a0<img decoding=\"async\" loading=\"lazy\" class=\" alignright size-full wp-image-28242\" style=\"float: right\" src=\"https:\/\/www.cnbb.org.br\/wp-content\/uploads\/2020\/03\/cursobispos20152.jpg\" alt=\"\" width=\"299\" height=\"199\" \/><\/p>\n<p style=\"text-align: justify\">O arcebispo do Rio de Janeiro, cardeal Orani Jo\u00e3o Tempesta, explica que o Curso para os Bispos \u00e9 momento, tamb\u00e9m, de estudo, ora\u00e7\u00e3o e viv\u00eancia de uni\u00e3o fraterna. Destaca, ainda, que o tema deste ano quer ressaltar o compromisso da Igreja com a fam\u00edlia.<\/p>\n<p style=\"text-align: justify\">\u201cOs bispos que v\u00eam ao Rio de Janeiro, aqui v\u00eam para viver como irm\u00e3os. Por isso, refletir nestes dias sobre a Fam\u00edlia e toda a sua problem\u00e1tica \u00e9 manifestar claramente nosso compromisso com a edifica\u00e7\u00e3o de uma fam\u00edlia constitu\u00edda pelo amor esponsal do marido com a mulher, abertos para a constitui\u00e7\u00e3o de uma bonita fam\u00edlia, sem medo de ter filhos, destemidamente educados na f\u00e9 cat\u00f3lica, o maior tesouro que podemos deixar como heran\u00e7a para as gera\u00e7\u00f5es futuras. Cuidemos, sobretudo, da fam\u00edlia da qual pertencemos. A grande fam\u00edlia, que \u00e9 a Igreja, precisa viver e testemunhar em gestos concretos a miseric\u00f3rdia e a compaix\u00e3o\u201d, disse dom Orani.<\/p>\n<p><strong>Programa\u00e7\u00e3o<\/strong><\/p>\n<p style=\"text-align: justify\"><img decoding=\"async\" loading=\"lazy\" class=\" alignleft size-full wp-image-28243\" style=\"float: left\" src=\"https:\/\/www.cnbb.org.br\/wp-content\/uploads\/2020\/03\/cursobispos20151.jpg\" alt=\"\" width=\"336\" height=\"225\" \/>Durante a tarde da ter\u00e7a-feira, 26, os bispos acompanharam a confer\u00eancia com o professor de teologia pastoral do matrim\u00f4nio e da fam\u00edlia, do Pontif\u00edcio Instituto Jo\u00e3o Paulo II, monsenhor Juan Jos\u00e9 P\u00e9rez Soba, sobre \u201cCaminhar em novidade de vida (Rom 6,4) \u2013 A f\u00e9 que guia e vivifica a fam\u00edlia\u201d.<\/p>\n<p style=\"text-align: justify\">No dia seguinte, 27, o grupo participou de um passeio pela cidade do Rio de Janeiro. Na oportunidade, visitaram o Museu do Amanh\u00e3, na Pra\u00e7a Mau\u00e1, Zona Portu\u00e1ria da cidade. \u00a0Inaugurado pela Prefeitura do Rio em 19 de dezembro de 2015, o museu integra o projeto cultural de revitaliza\u00e7\u00e3o da Regi\u00e3o Portu\u00e1ria, sendo considerado s\u00edmbolo do renascimento de uma \u00e1rea de cinco milh\u00f5es de metros quadrados.<\/p>\n<p style=\"text-align: justify\">Ainda na quarta-feira, o n\u00fancio apost\u00f3lico no Brasil, dom Giovanni d&#8217;Aniello, presidiu missa com os bispos que participam desta 25\u00aa edi\u00e7\u00e3o do curso.<\/p>\n<p style=\"text-align: justify\">O primeiro Curso para os Bispos, no Sumar\u00e9, aconteceu em julho de 1990, com presen\u00e7a do ent\u00e3o cardeal Joseph Ratzinger, hoje papa em\u00e9rito Bento XVI.<\/p>\n<p style=\"text-align: justify\">Leia a mensagem de Boas-vindas:<\/p>\n<p style=\"text-align: justify\">\u201cMeus votos de boas-vindas a todos e louvor e a\u00e7\u00e3o de gra\u00e7as a Deus que nos permitiu poder prestar tamb\u00e9m neste ano esse belo servi\u00e7o aos bispos do Brasil. \u00c9 sempre uma alegria reencontrar os irm\u00e3os! Devido a problemas da malha a\u00e9rea muitos voos foram mudados ou transferidos e alguns irm\u00e3os est\u00e3o ainda chegando nesta noite e amanh\u00e3 cedo. Entre os irm\u00e3os bispos o destaque \u00e9 para D. Edvaldo Gon\u00e7alves Amaral que at\u00e9 hoje participou de todas as edi\u00e7\u00f5es do Curso para os Bispos.<\/p>\n<p style=\"text-align: justify\">Acabamos de iniciar com toda a Igreja o ano do Jubileu da Miseric\u00f3rdia. Com todas as portas santas da miseric\u00f3rdia abertas estamos fazendo a experi\u00eancia de acolher e anunciar a miseric\u00f3rdia. Nesta semana teremos oportunidade de participar do lan\u00e7amento do livro da entrevista do Papa Francisco que est\u00e1 sendo lan\u00e7ado com o t\u00edtulo \u201cO nome de Deus \u00e9 miseric\u00f3rdia\u201d. A editora est\u00e1 concluindo a impress\u00e3o e dever\u00e1 lan\u00e7ar nesta semana esse livro. Aqui no Rio de Janeiro, aproveitamos este encontro e iremos participar desse lan\u00e7amento na pr\u00f3xima quinta-feira \u00e0 noite, numa livraria de renome aqui no Rio de Janeiro, a Livraria da Travessa no Shopping Leblon com a participa\u00e7\u00e3o do jornalista Gerson Camarotti que far\u00e1 uma breve apresenta\u00e7\u00e3o do livro e os que estar\u00e3o presentes receber\u00e3o um exemplar do mesmo. Como se trata de uma livraria ser\u00e1 preciso levar um voucher que entregaremos na hora da sa\u00edda daqui.<\/p>\n<p style=\"text-align: justify\">Neste ano, a Campanha da Fraternidade Ecum\u00eanica vai nos ajudar a ver a necessidade de convers\u00e3o no cuidado com a casa comum, [tema: \u201cCasa comum, nossa responsabilidade\u201d e o lema \u201cQuero ver o direito brotar como fonte e correr a justi\u00e7a qual riacho que n\u00e3o seca\u201d (cfr. Am 5.24)].tema muito caro ao Papa Francisco, que ao escrever a \u201cLaudato Si\u2019\u201d nos motivou ainda mais nessa miss\u00e3o que j\u00e1 tem sido objeto de v\u00e1rias Campanhas da Fraternidade anteriores.<\/p>\n<p style=\"text-align: justify\">Estamos tamb\u00e9m na semana do 51\u00ba Congresso Eucar\u00edstico Internacional em CEBU nas Filipinas com o tema \u201cCristo em v\u00f3s, a esperan\u00e7a da gl\u00f3ria\u201d, que se iniciou ontem, domingo e ir\u00e1 at\u00e9 o pr\u00f3ximo domingo. Nas Filipinas se concentra metade da popula\u00e7\u00e3o cat\u00f3lica da \u00c1sia. Isso nos recorda do pr\u00f3ximo congresso eucar\u00edstico nacional em Bel\u00e9m, comemorando os 400 anos da funda\u00e7\u00e3o da cidade. O XVII CEN ocorrer\u00e1 de 15 a 21 de agosto deste ano e tem como tema: Eucaristia e partilha na Amaz\u00f4nia Mission\u00e1ria, e como lema: Eles o reconheceram no partir do p\u00e3o.<\/p>\n<p style=\"text-align: justify\">Temos o privil\u00e9gio de iniciar este curso deste ano no dia da Festa da Convers\u00e3o de S\u00e3o Paulo e na conclus\u00e3o da semana de ora\u00e7\u00f5es pela unidade dos crist\u00e3os no hemisf\u00e9rio norte quando o Papa presidiu na Bas\u00edlica de S\u00e3o Paulo fora dos muros as Segundas V\u00e9speras solenes comemorativas.<\/p>\n<p style=\"text-align: justify\">Aqui no Rio de Janeiro a cidade se prepara as Olimp\u00edadas e as Paraolimp\u00edadas. Em meio \u00e0s controv\u00e9rsias sociais e econ\u00f4micas nas quais as nossas pastorais est\u00e3o atentas e inseridas, a arquidiocese tem um plano de trabalho, tanto para a coordena\u00e7\u00e3o dos trabalhos religiosos na vila dos atletas, como tamb\u00e9m dos \u201c100 dias de paz\u201d e o projeto de inser\u00e7\u00e3o dos jovens das comunidades na din\u00e2mica do esporte para a paz. Em meio a crises pol\u00edtica, econ\u00f4mica, social, \u00e9tica, ideol\u00f3gica, etc \u2013 vamos nos movendo. E o tema da fam\u00edlia est\u00e1 bem dentro desse furac\u00e3o ideol\u00f3gico que varre a sociedade hodierna.<\/p>\n<p style=\"text-align: justify\">Aqui no Brasil, olhando para o futuro, j\u00e1 vislumbramos as comemora\u00e7\u00f5es em 2017 dos 300 anos do encontro da imagem de Nossa Senhora da Concei\u00e7\u00e3o A(a)parecida nas \u00e1guas do Rio Para\u00edba e uma nova poss\u00edvel visita do Papa Francisco. Uma oportunidade de proclamar valores importantes para a nossa sociedade.<\/p>\n<p style=\"text-align: justify\">Este curso para bispos tem uma bela hist\u00f3ria: iniciou-se em julho de 1990 (estamos, portanto no 27\u00ba ano de exist\u00eancia), com a presen\u00e7a do ent\u00e3o Cardeal Joseph Ratzinger, aqui neste Centro de Estudos e Forma\u00e7\u00e3o do Sumar\u00e9. O assunto foi \u201co minist\u00e9rio Petrino em nosso tempo\u201d. Daquela data em diante, com apenas duas exce\u00e7\u00f5es (1991, ano seguinte ao primeiro curso e em 2007, quando ocorreu a V Confer\u00eancia em Aparecida e a visita do Santo Padre o Papa Bento XVI a S\u00e3o Paulo e Aparecida), todos os anos temos tido a alegria de receber os senhores bispos que aceitam o convite para um tempo de conviv\u00eancia fraterna e discuss\u00e3o de algum assunto de interesse comum, com conferencistas que nos ajudam a aprofundar os temas. A presen\u00e7a dos senhores \u00e9 a raz\u00e3o primeira da exist\u00eancia deste curso e a colabora\u00e7\u00e3o nas reflex\u00f5es o torna ainda mais enriquecido.<\/p>\n<p style=\"text-align: justify\">Este \u00e9, portanto, o 25\u00ba curso anual dos bispos do Brasil que realizamos. Estamos, portanto comemorando o jubileu de prata desse curso. Agrade\u00e7o aos senhores pela presen\u00e7a e aos meus antecessores pela hist\u00f3ria que temos. Essa tradi\u00e7\u00e3o iniciada pelo Cardeal Eug\u00eanio Araujo Sales, de saudosa mem\u00f3ria, e continuada com o Cardeal Eus\u00e9bio Oscar Scheid. Agrade\u00e7o ao Cardeal Marc Oullet, da Congrega\u00e7\u00e3o para os Bispos e da Pontif\u00edcia Comiss\u00e3o para a Am\u00e9rica Latina, que mesmo com dificuldades de sa\u00fade e de viagem enviou os textos de suas confer\u00eancias que ser\u00e3o lidos por D. Jo\u00e3o Carlos Petrini, Bispo de Cama\u00e7ari na Bahia a quem agrade\u00e7o pela sua disponibilidade em nos ajudar, tamb\u00e9m aos professores do Instituto Jo\u00e3o Paulo II de Roma, Mons. Jos\u00e9 Granados Garcia (que est\u00e1 retido em Nova York devido \u00e0 neve e s\u00f3 chegar\u00e1 na pr\u00f3xima quarta-feira) e Mons. Juan Jos\u00e9 Perez Soba e ao Padre Jesus Hortal, da PUC do Rio de Janeiro, pela aceita\u00e7\u00e3o das explana\u00e7\u00f5es que far\u00e3o. Devido a esses imprevistos haver\u00e1 altera\u00e7\u00e3o na sequ\u00eancia de algumas confer\u00eancias na ter\u00e7a e na quinta. Ser\u00e1 distribu\u00edda folha com a nova sequ\u00eancia das mesmas.<\/p>\n<p style=\"text-align: justify\">\u00a0A pedido, feito no ano passado, de Sua Excel\u00eancia, do senhor N\u00fancio Apost\u00f3lico, D. Giovanni d\u2019Aniello teremos como lembran\u00e7a deste curso uma cruz peitoral comemorativa que recorda um pouco a cruz da capela daqui do Sumar\u00e9. (n\u00e3o poderia ser uma reprodu\u00e7\u00e3o id\u00eantica sen\u00e3o ficaria muito estranha e pesada). Elaborada pela mesma autora, a cruz tem o mesmo estilo, que ser\u00e1 aben\u00e7oada e entregue na missa de sexta-feira. Ali\u00e1s, contaremos aqui nestes dias, com muita alegria, com honrosa presen\u00e7a do senhor N\u00fancio que permanecer\u00e1 conosco e atender\u00e1 os senhores bispos que desejarem ou chamar\u00e1 aqueles com os quais gostaria de conversar. (Mons. Marcel Smejkal, tcheco, Conselheiro da Nunciatura, o acompanhar\u00e1 e o assessorar\u00e1 para os devidos atendimentos.) O senhor N\u00fancio tamb\u00e9m conferir\u00e1, em nome do Papa Francisco, amanh\u00e3 \u00e0 noite, antes do jantar, a Medalha S\u00e3o Greg\u00f3rio Magno ao Consul Geral da It\u00e1lia no Rio de Janeiro, Dr. Riccardo Batisti, aqui ao lado, na resid\u00eancia Assun\u00e7\u00e3o, que foi a resid\u00eancia papal durante a JMJ.<\/p>\n<p style=\"text-align: justify\">O trabalho de organizar este curso anual, contatos com conferencistas e os conte\u00fados dos temas tem sido de D. Karl Josef Romer. Ele contata os conferencistas, verifica os temas, responsabiliza-se pela tradu\u00e7\u00e3o dos textos quando necess\u00e1rio, acolhe os conferencistas e conduz a din\u00e2mica destes dias. Agrade\u00e7o-lhe desde j\u00e1 essa importante miss\u00e3o. Ele j\u00e1 est\u00e1 com o curso de 2017 organizado, e pensando na tem\u00e1tica de 2018 com toda precis\u00e3o su\u00ed\u00e7a germ\u00e2nica.<\/p>\n<p style=\"text-align: justify\">A organiza\u00e7\u00e3o pr\u00e1tica: recep\u00e7\u00e3o, liturgia, impressos e demais assuntos \u00e9 da Coordena\u00e7\u00e3o de Pastoral comandada pelo Mons. Joel Portella Amado com sua equipe pr\u00f3pria, acrescida com os Padres, Di\u00e1conos Permanentes e Grupo de Seminaristas do Semin\u00e1rio S\u00e3o Jos\u00e9. A casa, al\u00e9m das Irm\u00e3s do Bom Conselho e sua equipe de atendentes, temos a assessoria da Mitra Arquidiocesana, conduzida pelo Pe. Henrique Jorge Diegues e sua equipe, inclusive com as responsabilidades m\u00e9dicas. Agrade\u00e7o a disponibilidade dos que aceitaram hospedar-se na Casa do Padre e no Semin\u00e1rio S\u00e3o Jos\u00e9 no Rio Comprido para facilitar a hospedagem de um bispo para cada quarto.<\/p>\n<p style=\"text-align: justify\">Depois de 5 anos (2011-2015) aprofundando os temas dos documentos conciliares, comemorando assim os 50 anos do Conc\u00edlio Vaticano II (creio que foi uma das maiores comemora\u00e7\u00f5es desse jubileu no Brasil), neste ano de 2016 o foco se voltou para a \u201cFam\u00edlia\u201d, tema que foi aprofundado nestes \u00faltimos dois anos pela Igreja. Depois de tantos livros e artigos, um Consist\u00f3rio, uma Assembleia extraordin\u00e1ria do S\u00ednodo e um S\u00ednodo Ordin\u00e1rio dos Bispos, e enquanto aguardamos a publica\u00e7\u00e3o do documento papal p\u00f3s sinodal, creio que \u00e9 um belo momento de partilharmos um pouco dessas discuss\u00f5es e encaminhamentos. Como j\u00e1 dissemos, na \u00faltima hora tivemos mudan\u00e7as na presen\u00e7a dos conferencistas e por isso algumas delas estar\u00e3o em hor\u00e1rios diferentes do programado, mas tenho certeza de que a partilha entre n\u00f3s ser\u00e1 de uma grande riqueza. O assunto, al\u00e9m de estar nas preocupa\u00e7\u00f5es e aprofundamentos da Igreja \u00e9 uma problem\u00e1tica s\u00e9ria diante das v\u00e1rias investidas ideol\u00f3gicas que sofre a fam\u00edlia com suas v\u00e1rias interpreta\u00e7\u00f5es. Como responder a todas essas quest\u00f5es hoje?<\/p>\n<p style=\"text-align: justify\">Como sabemos este curso n\u00e3o tem como finalidade tomar decis\u00f5es administrativas, nem pastorais e nem fazer pronunciamentos. A \u00fanica manifesta\u00e7\u00e3o \u00e9 a nossa costumeira carta de cumprimentos ao Papa e ao Prefeito da Congrega\u00e7\u00e3o para os Bispos, que como sempre ocorre a cada ano. \u00c9 simplesmente um tempo de reflex\u00e3o e partilha. A liturgia das horas e a missa di\u00e1ria s\u00e3o os pontos altos desses dias de atualiza\u00e7\u00e3o e troca de experi\u00eancias. Nestes dias, os Senhores Bispos de v\u00e1rias partes do Brasil t\u00eam um especial momento de confraterniza\u00e7\u00e3o, de encontro, e, neste, ano o nosso passeio ocorrer\u00e1 em hor\u00e1rio invertido, na parte da manh\u00e3, devido a quest\u00e3o do hor\u00e1rio de funcionamento do \u201cMuseu do Amanh\u00e3\u201d, inaugurado em Dezembro passado e situado na nova Pra\u00e7a Mau\u00e1. As milhares de pessoas que procuram visit\u00e1-lo diariamente \u00e9 motiva\u00e7\u00e3o para que o conhe\u00e7amos, pois se trata de um museu diferenciado daqueles que n\u00f3s conhecemos. Essa visita ser\u00e1 precedida de um momento cultural sobre o Rio de Janeiro e seus 450 anos e acolhida das Olimp\u00edadas no audit\u00f3rio do Edif\u00edcio Jo\u00e3o Paulo II, no bairro da Gl\u00f3ria. Desejo que estes dias aqui, com um tempo chuvoso e menos calor (espero), sirvam para um descanso de tantos trabalhos e preocupa\u00e7\u00f5es de nosso dia a dia.<\/p>\n<p style=\"text-align: justify\">Aqui estamos para discernir juntos os sinais de Deus na simplicidade de cada dia e contemplar as alegrias da a\u00e7\u00e3o do Senhor em nossas vidas de servi\u00e7o \u00e0 Igreja. Espero que ao retornar para suas dioceses levem boas ideias, recorda\u00e7\u00f5es e \u00e2nimo renovado.<\/p>\n<p style=\"text-align: justify\">Caros irm\u00e3os bispos, vig\u00e1rios episcopais e convidados a todos os acolho com grande alegria aqui nesta casa. Mais uma vez lhes digo: sejam muito bem-vindos e obrigado por aceitarem vir a este encontro, que \u00e9 um servi\u00e7o que a Igreja do Rio de Janeiro presta como um compromisso fraterno. Aqui, tenham consci\u00eancia de que \u00e9 extens\u00e3o de sua casa. Acolho, com grande afeto, a todos: sejam os novos que participam pela primeira vez, sejam os que j\u00e1 costumam vir em outros anos, bem como os car\u00edssimos bispos em\u00e9ritos nesse belo encontro em que todos nos sentimos protagonistas.<\/p>\n<p style=\"text-align: justify\">Que o nosso encontro e reflex\u00e3o no curso nos ajudem nestes tempos que ora vivemos a vivermos como nos acenou o Papa Francisco: que sejamos &#8220;capazes de aquecer o cora\u00e7\u00e3o das pessoas, de caminhar na noite com elas, de dialogar com as suas ilus\u00f5es e desilus\u00f5es, de recompor as suas desintegra\u00e7\u00f5es\u201d.<\/p>\n<p style=\"text-align: justify\">Louvado seja o Senhor! Tudo para maior gl\u00f3ria Deus!<\/p>\n<p><strong>Dom Orani Jo\u00e3o Tempesta, O. Cist.<\/strong><\/p>\n<p><strong>Arcebispo Metropolitano de S\u00e3o Sebasti\u00e3o do Rio de Janeiro (RJ)<\/strong><\/p>\n<p>&nbsp;<\/p>\n","protected":false},"excerpt":{"rendered":"<p>A forma\u00e7\u00e3o, que encerra hoje, 29,\u00a0recebe conferencistas internacionais para tratar da fam\u00edlia<\/p>\n","protected":false},"author":83,"featured_media":28862,"comment_status":"open","ping_status":"open","sticky":false,"template":"","format":"standard","meta":{"site-sidebar-layout":"default","site-content-layout":"default","ast-global-header-display":"","ast-banner-title-visibility":"","ast-main-header-display":"","ast-hfb-above-header-display":"","ast-hfb-below-header-display":"","ast-hfb-mobile-header-display":"","site-post-title":"","ast-breadcrumbs-content":"","ast-featured-img":"","footer-sml-layout":"","theme-transparent-header-meta":"","adv-header-id-meta":"","stick-header-meta":"","header-above-stick-meta":"","header-main-stick-meta":"","header-below-stick-meta":""},"categories":[784],"tags":[],"acf":[],"_links":{"self":[{"href":"https:\/\/www.cnbb.org.br\/cnbb-app\/wp\/v2\/posts\/28861"}],"collection":[{"href":"https:\/\/www.cnbb.org.br\/cnbb-app\/wp\/v2\/posts"}],"about":[{"href":"https:\/\/www.cnbb.org.br\/cnbb-app\/wp\/v2\/types\/post"}],"author":[{"embeddable":true,"href":"https:\/\/www.cnbb.org.br\/cnbb-app\/wp\/v2\/users\/83"}],"replies":[{"embeddable":true,"href":"https:\/\/www.cnbb.org.br\/cnbb-app\/wp\/v2\/comments?post=28861"}],"version-history":[{"count":0,"href":"https:\/\/www.cnbb.org.br\/cnbb-app\/wp\/v2\/posts\/28861\/revisions"}],"wp:featuredmedia":[{"embeddable":true,"href":"https:\/\/www.cnbb.org.br\/cnbb-app\/wp\/v2\/media\/28862"}],"wp:attachment":[{"href":"https:\/\/www.cnbb.org.br\/cnbb-app\/wp\/v2\/media?parent=28861"}],"wp:term":[{"taxonomy":"category","embeddable":true,"href":"https:\/\/www.cnbb.org.br\/cnbb-app\/wp\/v2\/categories?post=28861"},{"taxonomy":"post_tag","embeddable":true,"href":"https:\/\/www.cnbb.org.br\/cnbb-app\/wp\/v2\/tags?post=28861"}],"curies":[{"name":"wp","href":"https:\/\/api.w.org\/{rel}","templated":true}]}}