{"id":28873,"date":"2016-02-05T00:00:00","date_gmt":"2016-02-05T02:00:00","guid":{"rendered":"https:\/\/www.cnbb.org.br\/papa-francisco-diz-que-ira-o-mexico-como-peregrino\/"},"modified":"2016-02-05T00:00:00","modified_gmt":"2016-02-05T02:00:00","slug":"papa-francisco-diz-que-ira-o-mexico-como-peregrino","status":"publish","type":"post","link":"https:\/\/www.cnbb.org.br\/papa-francisco-diz-que-ira-o-mexico-como-peregrino\/","title":{"rendered":"Papa Francisco diz que ir\u00e1 ao M\u00e9xico como peregrino"},"content":{"rendered":"<p><span style=\"font-size: 12.16px;line-height: 15.808px\">A visita\u00a0ser\u00e1 no per\u00edodo de 12 a 18 de fevereiro<\/span><\/p>\n<p>  <!--more-->  <\/p>\n<p style=\"text-align: justify\">\u201cEu n\u00e3o vou ao M\u00e9xico como um Rei Mago, carregado de coisas para levar. Vou sim como um peregrino procurando que o povo mexicano me d\u00ea alguma coisa\u201d. Vou buscar a f\u00e9 que voc\u00eas t\u00eam, vou para deixar-me contagiar pela riqueza desta f\u00e9\u201d, disse o papa Francisco sobre viagem apost\u00f3lica ao M\u00e9xico. A peregrina\u00e7\u00e3o ser\u00e1 no per\u00edodo de 12 a 18 de fevereiro.<\/p>\n<p style=\"text-align: justify\">Entre os objetivos da\u00a0viagem est\u00e3o o compromisso com o di\u00e1logo e a paz, a busca pela renova\u00e7\u00e3o espiritual, luta contra a corrup\u00e7\u00e3o e viol\u00eancia. Na ocasi\u00e3o,\u00a0o papa percorrer\u00e1 a Cidade do M\u00e9xico, San Crist\u00f3bal e Ciudad Ju\u00e1rez.<\/p>\n<p style=\"text-align: justify\">Francisco rezar\u00e1 missa no Santu\u00e1rio de Nossa Senhora de Guadalupe, tamb\u00e9m visitado por S\u00e3o Jo\u00e3o Paulo II. \u201cMuitas vezes quando tenho medo por algum problema, repito a mim mesmo as palavras da Virgem a Juan Diego: \u2018N\u00e3o tenhas medo, n\u00e3o estou aqui, eu que sou a tua m\u00e3e?\u2019 Me coloco diante de sua imagem e fico ali olhando para ela. Sinto que \u00e9 M\u00e3e, que cuida, que protege, que leva em frente um povo, uma fam\u00edlia\u201d, contou o papa sobre devo\u00e7\u00e3o a Guadalupe.\u00a0<\/p>\n<p style=\"text-align: justify\">Confira a programa\u00e7\u00e3o da viagem ao M\u00e9xico:<\/p>\n<p style=\"text-align: justify\">\u00a0<strong>S\u00e1bado, 13 de fevereiro<\/strong><\/p>\n<p><strong>Cidade do M\u00e9xico (CDMX)<\/strong><\/p>\n<p>14h \u2013 Encontro com as Autoridades, Sociedade Civil e Corpo Diplom\u00e1tico<\/p>\n<p>15h \u2013 Encontro com os Bispos<\/p>\n<p>20h45 \u2013 Santa Missa na Bas\u00edlica de Guadalupe<\/p>\n<p>\u00a0<\/p>\n<p><strong>Domingo, 14 de fevereiro<\/strong><\/p>\n<p>Ecatepec<\/p>\n<p>15h \u2013 Santa Missa<\/p>\n<p>Cidade do M\u00e9xico (CDMX)<\/p>\n<p>21h30 \u2013 Visita ao Hospital Pedi\u00e1trico \u201cF. Gomez\u201d<\/p>\n<p>\u00a0<\/p>\n<p><strong>Segunda-feira, 15 de fevereiro<\/strong><\/p>\n<p>San Crist\u00f3bal<\/p>\n<p>14h \u2013 Santa Missa com as comunidades ind\u00edgenas de Chiapas<\/p>\n<p>Tuxtla \u2013 Guti\u00e9rrez<\/p>\n<p>20h \u2013 Encontro com as fam\u00edlias<\/p>\n<p>\u00a0<\/p>\n<p><strong>Ter\u00e7a-feira, 16 de fevereiro<\/strong><\/p>\n<p>13h45 \u2013 Morelia<\/p>\n<p>Santa Missa com sacerdotes, religiosos, consagrados e seminaristas<\/p>\n<p>20h15 \u2013 Morelia<\/p>\n<p>Encontro com os jovens<\/p>\n<p>\u00a0<\/p>\n<p><strong>Quarta-feira, 17 de fevereiro<\/strong><\/p>\n<p>Ciudad Ju\u00e1rez<\/p>\n<p>15h15 \u2013 Visita \u00e0 Penitenci\u00e1ria Estatal<\/p>\n<p>16h45 \u2013 Encontro com o mundo do trabalho<\/p>\n<p>20h45 \u2013 Santa Missa<\/p>\n<p>\u00a0<\/p>\n","protected":false},"excerpt":{"rendered":"<p>A visita\u00a0ser\u00e1 no per\u00edodo de 12 a 18 de fevereiro<\/p>\n","protected":false},"author":83,"featured_media":28874,"comment_status":"open","ping_status":"open","sticky":false,"template":"","format":"standard","meta":{"site-sidebar-layout":"default","site-content-layout":"default","ast-global-header-display":"","ast-banner-title-visibility":"","ast-main-header-display":"","ast-hfb-above-header-display":"","ast-hfb-below-header-display":"","ast-hfb-mobile-header-display":"","site-post-title":"","ast-breadcrumbs-content":"","ast-featured-img":"","footer-sml-layout":"","theme-transparent-header-meta":"","adv-header-id-meta":"","stick-header-meta":"","header-above-stick-meta":"","header-main-stick-meta":"","header-below-stick-meta":""},"categories":[784],"tags":[],"acf":[],"_links":{"self":[{"href":"https:\/\/www.cnbb.org.br\/cnbb-app\/wp\/v2\/posts\/28873"}],"collection":[{"href":"https:\/\/www.cnbb.org.br\/cnbb-app\/wp\/v2\/posts"}],"about":[{"href":"https:\/\/www.cnbb.org.br\/cnbb-app\/wp\/v2\/types\/post"}],"author":[{"embeddable":true,"href":"https:\/\/www.cnbb.org.br\/cnbb-app\/wp\/v2\/users\/83"}],"replies":[{"embeddable":true,"href":"https:\/\/www.cnbb.org.br\/cnbb-app\/wp\/v2\/comments?post=28873"}],"version-history":[{"count":0,"href":"https:\/\/www.cnbb.org.br\/cnbb-app\/wp\/v2\/posts\/28873\/revisions"}],"wp:featuredmedia":[{"embeddable":true,"href":"https:\/\/www.cnbb.org.br\/cnbb-app\/wp\/v2\/media\/28874"}],"wp:attachment":[{"href":"https:\/\/www.cnbb.org.br\/cnbb-app\/wp\/v2\/media?parent=28873"}],"wp:term":[{"taxonomy":"category","embeddable":true,"href":"https:\/\/www.cnbb.org.br\/cnbb-app\/wp\/v2\/categories?post=28873"},{"taxonomy":"post_tag","embeddable":true,"href":"https:\/\/www.cnbb.org.br\/cnbb-app\/wp\/v2\/tags?post=28873"}],"curies":[{"name":"wp","href":"https:\/\/api.w.org\/{rel}","templated":true}]}}