{"id":28875,"date":"2016-02-05T00:00:00","date_gmt":"2016-02-05T02:00:00","guid":{"rendered":"https:\/\/www.cnbb.org.br\/papa-pede-que-rezem-pelos-bispos\/"},"modified":"2016-02-05T00:00:00","modified_gmt":"2016-02-05T02:00:00","slug":"papa-pede-que-rezem-pelos-bispos","status":"publish","type":"post","link":"https:\/\/www.cnbb.org.br\/papa-pede-que-rezem-pelos-bispos\/","title":{"rendered":"Papa pede que rezem pelos Bispos"},"content":{"rendered":"<h4 style=\"font-size: 12.16px;line-height: 15.808px;text-align: right\">Cardeal Orani Jo\u00e3o Tempesta\u00a0<br \/>Arcebispo de S\u00e3o Sebasti\u00e3o do Rio de Janeiro (RJ)<\/h4>\n<p style=\"text-align: justify\">\n<p>No dia 22 de janeiro deste ano, o Santo Padre ao celebrar sua missa matinal na Capela Santa Marta, no Vaticano, fez uma importante reflex\u00e3o, falando do Evangelho do dia, que foi o de Mc 3, 13-19. Este Evangelho narra a escolha dos Doze Ap\u00f3stolos por parte de Jesus: o Senhor os escolhe: \u201cpara que estejam com Ele e para envi\u00e1-los a pregar com poder de expulsar os dem\u00f4nios\u201d. O Papa afirma: \u201cOs Doze s\u00e3o os primeiros Bispos. O Papa fala da elei\u00e7\u00e3o de Matias. Este, depois da trai\u00e7\u00e3o e morte de Judas Iscariotes, foi eleito. Diante dessa realidade, disse o Papa: \u201cali foi a primeira ordena\u00e7\u00e3o episcopal da Igreja\u201d.\u00a0<\/p>\n<p style=\"text-align: justify\">Os Ap\u00f3stolos formam as doze colunas da Igreja. Os Bispos s\u00e3o os sucessores dos Ap\u00f3stolos e s\u00e3o chamados a serem testemunhas da Ressurrei\u00e7\u00e3o de Jesus. \u00a0Quanto a isso, disse o Papa Francisco: \u201cn\u00f3s bispos temos esta responsabilidade de ser testemunhas: testemunhas que o Senhor Jesus est\u00e1 vivo, que o Senhor Jesus ressuscitou, que o Senhor Jesus caminha conosco, que o Senhor Jesus nos salva, que o Senhor Jesus deu a sua vida por n\u00f3s, que o Senhor Jesus \u00e9 a nossa esperan\u00e7a, que o Senhor Jesus nos acolhe sempre e nos perdoa. O testemunho. A nossa vida deve ser isto: um testemunho. Um verdadeiro testemunho da Ressurrei\u00e7\u00e3o de Cristo\u201d.\u00a0<\/p>\n<p style=\"text-align: justify\">Segundo o Papa Francisco, os Bispos possuem duas tarefas espec\u00edficas: Sua primeira tarefa \u00e9 rezar e a segunda tarefa do Bispo \u00e9 ser testemunha, isto \u00e9, pregar. O Bispo deve pregar a salva\u00e7\u00e3o que o Senhor Jesus nos deixou. Duas tarefas n\u00e3o f\u00e1ceis, mas s\u00e3o propriamente essas duas tarefas que fortificam as colunas da Igreja. Se esses pilares s\u00e3o deixados de lado, a ora\u00e7\u00e3o e o anunciar o Evangelho para o Bispo se ocupar de outras coisas, a Igreja se enfraquece e sofre. Com isso, o povo de Deus tamb\u00e9m sofre porque os seus pilares est\u00e3o fracos.<\/p>\n<p style=\"text-align: justify\">A Igreja n\u00e3o existe sem o Bispo. Assim, o Papa vai falar que a \u201cora\u00e7\u00e3o de todos n\u00f3s pelos nossos Bispos \u00e9 uma obriga\u00e7\u00e3o, \u00e9 uma obriga\u00e7\u00e3o de amor, uma obriga\u00e7\u00e3o de filhos em rela\u00e7\u00e3o ao Pai, uma obriga\u00e7\u00e3o de irm\u00e3os, para que a fam\u00edlia permane\u00e7a unida na confiss\u00e3o de Jesus Cristo, vivo e ressuscitado\u201d.<\/p>\n<p style=\"text-align: justify\">O Povo de Deus n\u00e3o \u00e9 s\u00f3 uma comunidade de pessoas diversas, mas no seu \u00edntimo se comp\u00f5e tamb\u00e9m de diversas partes, as Igrejas particulares, formadas \u00e0 imagem da Igreja universal, nas quais e pelas quais \u00e9 constitu\u00edda a \u00fanica Igreja Cat\u00f3lica. A Igreja particular \u00e9 confiada ao Bispo, que \u00e9 o princ\u00edpio e o fundamento vis\u00edvel da unidade, e atrav\u00e9s da sua comunh\u00e3o hier\u00e1rquica com a cabe\u00e7a e os outros membros do Col\u00e9gio episcopal que a Igreja particular se insere na plena comunh\u00e3o eclesial da \u00fanica Igreja de Cristo.<\/p>\n<p style=\"text-align: justify\">Estas Igrejas particulares subsistem tamb\u00e9m na Igreja e a partir da Igreja, que, por sua vez, nelas \u201cse encontra e opera verdadeiramente\u201d. Por esse motivo, o Sucessor de Pedro, Cabe\u00e7a do Col\u00e9gio episcopal, e o Corpo dos Bispos s\u00e3o elementos pr\u00f3prios e constitutivos de cada Igreja particular. O governo do Bispo e a vida diocesana devem manifestar a rec\u00edproca comunh\u00e3o com o Romano Pont\u00edfice e com o Col\u00e9gio episcopal, como tamb\u00e9m com as Igrejas particulares irm\u00e3s, especialmente com aquelas que est\u00e3o presentes no mesmo territ\u00f3rio.<\/p>\n<p style=\"text-align: justify\">O Bispo, princ\u00edpio vis\u00edvel de unidade na sua Igreja, \u00e9 chamado a edificar incessantemente a Igreja particular na comunh\u00e3o de todos os seus membros e, destes, com a Igreja universal, vigiando a fim de que os diversos dons e minist\u00e9rios contribuam para a comum edifica\u00e7\u00e3o dos crentes e com a difus\u00e3o do Evangelho.\u00a0<\/p>\n<p style=\"text-align: justify\">Como mestre da f\u00e9, santificador e guia espiritual, o Bispo sabe que pode contar com uma especial gra\u00e7a divina, conferida na ordena\u00e7\u00e3o episcopal. Tal gra\u00e7a o sustenta no seu consumir-se pelo Reino de Deus, pela salva\u00e7\u00e3o eterna dos homens e tamb\u00e9m no seu empenho para construir a hist\u00f3ria com a for\u00e7a do Evangelho, dando sentido ao caminho do homem no tempo.<\/p>\n<p style=\"text-align: justify\">Ou\u00e7amos o apelo do Papa Francisco: \u201cpor isso, eu gostaria hoje de convidar voc\u00eas a rezarem por n\u00f3s, bispos. Porque n\u00f3s somos pecadores, n\u00f3s tamb\u00e9m temos fraquezas, tamb\u00e9m n\u00f3s temos o perigo de Judas: porque tamb\u00e9m ele tinha sido eleito como uma coluna. N\u00f3s tamb\u00e9m corremos o risco de n\u00e3o rezar, de fazer algo que n\u00e3o seja anunciar o Evangelho e expulsar os dem\u00f4nios&#8230; Rezar, para que os bispos sejam o que Jesus quis, que todos sejamos testemunhas da Ressurrei\u00e7\u00e3o de Jesus\u201d.<\/p>\n<p style=\"text-align: justify\">Assim, possamos n\u00f3s rezar por todos os Bispos do mundo inteiro, e pe\u00e7o com toda a caridade que rezem por mim, para que continue sempre guiando o Povo de Deus a exemplo do Bom Pastor.<\/p>\n<p>\u00a0<\/p>\n<p>\u00a0<\/p>\n<p>\u00a0<\/p>\n","protected":false},"excerpt":{"rendered":"<p>Cardeal Orani Jo\u00e3o Tempesta\u00a0Arcebispo de S\u00e3o Sebasti\u00e3o do Rio de Janeiro (RJ) No dia 22 de janeiro deste ano, o Santo Padre ao celebrar sua missa matinal na Capela Santa Marta, no Vaticano, fez uma importante reflex\u00e3o, falando do Evangelho do dia, que foi o de Mc 3, 13-19. Este Evangelho narra a escolha dos &hellip;<\/p>\n<p class=\"read-more\"> <a class=\"\" href=\"https:\/\/www.cnbb.org.br\/papa-pede-que-rezem-pelos-bispos\/\"> <span class=\"screen-reader-text\">Papa pede que rezem pelos Bispos<\/span> Leia mais &raquo;<\/a><\/p>\n","protected":false},"author":83,"featured_media":0,"comment_status":"open","ping_status":"open","sticky":false,"template":"","format":"standard","meta":{"site-sidebar-layout":"default","site-content-layout":"default","ast-global-header-display":"","ast-banner-title-visibility":"","ast-main-header-display":"","ast-hfb-above-header-display":"","ast-hfb-below-header-display":"","ast-hfb-mobile-header-display":"","site-post-title":"","ast-breadcrumbs-content":"","ast-featured-img":"","footer-sml-layout":"","theme-transparent-header-meta":"","adv-header-id-meta":"","stick-header-meta":"","header-above-stick-meta":"","header-main-stick-meta":"","header-below-stick-meta":""},"categories":[784],"tags":[],"acf":[],"_links":{"self":[{"href":"https:\/\/www.cnbb.org.br\/cnbb-app\/wp\/v2\/posts\/28875"}],"collection":[{"href":"https:\/\/www.cnbb.org.br\/cnbb-app\/wp\/v2\/posts"}],"about":[{"href":"https:\/\/www.cnbb.org.br\/cnbb-app\/wp\/v2\/types\/post"}],"author":[{"embeddable":true,"href":"https:\/\/www.cnbb.org.br\/cnbb-app\/wp\/v2\/users\/83"}],"replies":[{"embeddable":true,"href":"https:\/\/www.cnbb.org.br\/cnbb-app\/wp\/v2\/comments?post=28875"}],"version-history":[{"count":0,"href":"https:\/\/www.cnbb.org.br\/cnbb-app\/wp\/v2\/posts\/28875\/revisions"}],"wp:attachment":[{"href":"https:\/\/www.cnbb.org.br\/cnbb-app\/wp\/v2\/media?parent=28875"}],"wp:term":[{"taxonomy":"category","embeddable":true,"href":"https:\/\/www.cnbb.org.br\/cnbb-app\/wp\/v2\/categories?post=28875"},{"taxonomy":"post_tag","embeddable":true,"href":"https:\/\/www.cnbb.org.br\/cnbb-app\/wp\/v2\/tags?post=28875"}],"curies":[{"name":"wp","href":"https:\/\/api.w.org\/{rel}","templated":true}]}}