{"id":28887,"date":"2016-02-29T00:00:00","date_gmt":"2016-02-29T03:00:00","guid":{"rendered":"https:\/\/www.cnbb.org.br\/deus-nao-castiga-refletiu-o-papa-francisco-no-angelus\/"},"modified":"2016-02-29T00:00:00","modified_gmt":"2016-02-29T03:00:00","slug":"deus-nao-castiga-refletiu-o-papa-francisco-no-angelus","status":"publish","type":"post","link":"https:\/\/www.cnbb.org.br\/deus-nao-castiga-refletiu-o-papa-francisco-no-angelus\/","title":{"rendered":"\u201cDeus n\u00e3o permite trag\u00e9dias para punir culpas\u201d, disse o papa Francisco no Angelus"},"content":{"rendered":"<p style=\"font-size: 12.16px;line-height: 15.808px\">Durante a medita\u00e7\u00e3o, convidou os fieis a rezarem pelos refugiados e perseguidos<\/p>\n<p><!--more--><\/p>\n<p style=\"text-align: justify\">Na medita\u00e7\u00e3o da\u00a0Ora\u00e7\u00e3o do Angelus, no domingo, 28, o papa Francisco chamou a aten\u00e7\u00e3o para as trag\u00e9dias e viol\u00eancias que atingem a humanidade. Na ocasi\u00e3o, apresentou reflex\u00e3o sobre a passagem do Evangelho de Lucas, que relata dois fatos tr\u00e1gicos: a repress\u00e3o e persegui\u00e7\u00e3o por soldados romanos dentro do templo; e o desabamento da torre de Silo\u00e9, em Jerusal\u00e9m, com 18 mortos.<\/p>\n<p style=\"text-align: justify\">\u201cCotidianamente, os jornais nos trazem not\u00edcias tristes: homic\u00eddios, acidentes e cat\u00e1strofes\u201d, disse o papa, retomando as palavras do Evangelista Lucas. No encontro dominical do Angelus, Francisco explicou aos fi\u00e9is, reunidos na Pra\u00e7a S\u00e3o Pedro, o epis\u00f3dio narrado por Lucas: \u201cJesus sabia que as pessoas interpretavam aquele tipo de evento de modo errado. Pensavam que se os homens morreram de modo t\u00e3o cruel, isto era um sinal que Deus os havia castigado porque tinham cometido alguma culpa grave e, por isso, mereciam a morte\u201d.<\/p>\n<p style=\"text-align: justify\">Prosseguindo com a reflex\u00e3o, o papa comentou que Deus n\u00e3o castiga ou pune as pessoas. \u201cNaturalmente, Deus n\u00e3o permite trag\u00e9dias para punir culpas. Aquelas pobres v\u00edtimas n\u00e3o eram piores do que os outros. Os eventos dolorosos deviam ser uma advert\u00eancia para todos, porque somos todos pecadores. \u00a0 Ainda hoje, diante de certas desgra\u00e7as e acontecimentos tristes, temos por vezes a tenta\u00e7\u00e3o de descarregar a responsabilidade nas v\u00edtimas, mas o Evangelho nos convida a refletir: que ideia temos de Deus?\u201d,\u00a0questinou.<\/p>\n<p style=\"text-align: justify\">Ainda no Angelus, Francisco convidou os fi\u00e9is para\u00a0p\u00f4r\u00a0de lado os compromissos com o mal e as hipocrisias e a percorrer com decis\u00e3o o caminho do Evangelho. \u201cN\u00e3o julgarmos jamais os outros. A tenta\u00e7\u00e3o de nos justificarmos, quando acreditamos ser pessoas boas, crentes e suficientemente praticantes. Nunca \u00e9 tarde demais para se converter. \u00c9 urgente, \u00e9 hora!\u201d, pediu Francisco.<\/p>\n<p style=\"text-align: justify\">Ao final, lembrou o tempo da Quaresma e do\u00a0Jubileu da Miseric\u00f3rdia\u00a0como\u00a0ocasi\u00f5es\u00a0para o\u00a0arrependimento e a salva\u00e7\u00e3o.<\/p>\n<p style=\"text-align: justify\"><strong>Prece pelos refugiados<\/strong><\/p>\n<p style=\"text-align: justify\">Ap\u00f3s a medita\u00e7\u00e3o, o papa rezou pelas fam\u00edlias de refugiados que fogem de guerras e outras situa\u00e7\u00f5es desumanas. Em particular, enviou mensagem\u00a0\u00e0\u00a0Gr\u00e9cia e a outros pa\u00edses que enfrentam esse problema. \u201cEu tamb\u00e9m quero garantir-vos a minha proximidade ao povo das Ilhas Fiji, duramente atingida por um ciclone devastador. Rezo pelas v\u00edtimas e por aqueles envolvidos em opera\u00e7\u00f5es de socorro\u201d, disse Francisco.<\/p>\n<p style=\"text-align: justify\">O papa tamb\u00e9m saudou o grupo que celebrava o &#8220;Dia das Doen\u00e7as Raras&#8221;, encorajando\u00a0os agentes para o trabalho de de ajuda m\u00fatua.<\/p>\n<h5 style=\"text-align: justify\">CNBB com informa\u00e7\u00f5es da Sala de Imprensa da Santa S\u00e9\/R\u00e1dio Vaticano.<\/h5>\n<p style=\"text-align: justify\">\n","protected":false},"excerpt":{"rendered":"<p>Durante a medita\u00e7\u00e3o, convidou os fieis a rezarem pelos refugiados e perseguidos<\/p>\n","protected":false},"author":83,"featured_media":28888,"comment_status":"open","ping_status":"open","sticky":false,"template":"","format":"standard","meta":{"site-sidebar-layout":"default","site-content-layout":"default","ast-global-header-display":"","ast-banner-title-visibility":"","ast-main-header-display":"","ast-hfb-above-header-display":"","ast-hfb-below-header-display":"","ast-hfb-mobile-header-display":"","site-post-title":"","ast-breadcrumbs-content":"","ast-featured-img":"","footer-sml-layout":"","theme-transparent-header-meta":"","adv-header-id-meta":"","stick-header-meta":"","header-above-stick-meta":"","header-main-stick-meta":"","header-below-stick-meta":""},"categories":[784],"tags":[],"acf":[],"_links":{"self":[{"href":"https:\/\/www.cnbb.org.br\/cnbb-app\/wp\/v2\/posts\/28887"}],"collection":[{"href":"https:\/\/www.cnbb.org.br\/cnbb-app\/wp\/v2\/posts"}],"about":[{"href":"https:\/\/www.cnbb.org.br\/cnbb-app\/wp\/v2\/types\/post"}],"author":[{"embeddable":true,"href":"https:\/\/www.cnbb.org.br\/cnbb-app\/wp\/v2\/users\/83"}],"replies":[{"embeddable":true,"href":"https:\/\/www.cnbb.org.br\/cnbb-app\/wp\/v2\/comments?post=28887"}],"version-history":[{"count":0,"href":"https:\/\/www.cnbb.org.br\/cnbb-app\/wp\/v2\/posts\/28887\/revisions"}],"wp:featuredmedia":[{"embeddable":true,"href":"https:\/\/www.cnbb.org.br\/cnbb-app\/wp\/v2\/media\/28888"}],"wp:attachment":[{"href":"https:\/\/www.cnbb.org.br\/cnbb-app\/wp\/v2\/media?parent=28887"}],"wp:term":[{"taxonomy":"category","embeddable":true,"href":"https:\/\/www.cnbb.org.br\/cnbb-app\/wp\/v2\/categories?post=28887"},{"taxonomy":"post_tag","embeddable":true,"href":"https:\/\/www.cnbb.org.br\/cnbb-app\/wp\/v2\/tags?post=28887"}],"curies":[{"name":"wp","href":"https:\/\/api.w.org\/{rel}","templated":true}]}}