{"id":28894,"date":"2016-03-11T00:00:00","date_gmt":"2016-03-11T03:00:00","guid":{"rendered":"https:\/\/www.cnbb.org.br\/papa-francisco-aprova-normas-para-administracao-dos-bens-das-causas-dos-santos\/"},"modified":"2016-03-11T00:00:00","modified_gmt":"2016-03-11T03:00:00","slug":"papa-francisco-aprova-normas-para-administracao-dos-bens-das-causas-dos-santos","status":"publish","type":"post","link":"https:\/\/www.cnbb.org.br\/papa-francisco-aprova-normas-para-administracao-dos-bens-das-causas-dos-santos\/","title":{"rendered":"Papa Francisco aprova normas para administra\u00e7\u00e3o dos bens das Causas dos Santos"},"content":{"rendered":"<p style=\"text-align: justify\">Objetivo \u00e9 que procedimento seja mais transparente, claro e funcional<\/p>\n<p>  <!--more-->  <\/p>\n<p style=\"text-align: justify\">Novas \u201cNormas sobre a administra\u00e7\u00e3o dos bens das causas de beatifica\u00e7\u00e3o e canoniza\u00e7\u00e3o\u201d foram divulgadas pelo Vaticano, na segunda-feira, 7. A aprova\u00e7\u00e3o pelo papa Francisco do novo regulamento, que anula o anterior, datado de 20 de agosto de 1983, \u00e9 em car\u00e1ter experimental por tr\u00eas anos. \u201cPor suas complexidades, as causas de beatifica\u00e7\u00e3o e canoniza\u00e7\u00e3o requerem muito trabalho e comportam despesas\u201d, diz o documento.<\/p>\n<p style=\"text-align: justify\">A\u00a0inten\u00e7\u00e3o da iniciativa \u00e9\u00a0ter uma\u00a0administra\u00e7\u00e3o dos bens das causas de beatifica\u00e7\u00e3o e canoniza\u00e7\u00e3o mais transparente, clara e funcional. Os promotores das causas e os bispos diocesanos competentes ter\u00e3o ainda um envolvimento maior no processo.<\/p>\n<p style=\"text-align: justify\">As novas regras tamb\u00e9m visam conten\u00e7\u00e3o de despesas e preveem interven\u00e7\u00f5es em casos de abuso e a manuten\u00e7\u00e3o de um fundo de solidariedade.<\/p>\n<h3 style=\"text-align: justify\">Conten\u00e7\u00e3o das despesas<\/h3>\n<p style=\"text-align: justify\">A Santa S\u00e9 custear\u00e1 a fase romana, para a qual os promotores participar\u00e3o por meio de uma contribui\u00e7\u00e3o, \u201cdada a natureza peculiar de bem p\u00fablico das causas\u201d. Caber\u00e1 tamb\u00e9m \u00e0 S\u00e9 Apost\u00f3lica a supervis\u00e3o dos honor\u00e1rios e das despesas para que tais agentes estejam contidos e n\u00e3o sejam obst\u00e1culos para o bom andamento dos processos.<\/p>\n<p style=\"text-align: justify\">Os promotores constituem um fundo de bens para as despesas da causa, proveniente de ofertas de pessoas f\u00edsicas e jur\u00eddicas, que ser\u00e1 considerado, em raz\u00e3o de sua natureza particular, \u201cfundo de Causa pia\u201d. O administrador do fundo deve respeitar, segundo o texto, minuciosamente a inten\u00e7\u00e3o dos doadores, manter uma contabilidade regularmente atualizada, preparar balan\u00e7os anuais a serem apresentados ao promotor para a devida aprova\u00e7\u00e3o e enviar uma c\u00f3pia ao postulador da causa.<\/p>\n<h3 style=\"text-align: justify\">Interven\u00e7\u00f5es disciplinares em caso de abuso<\/h3>\n<p style=\"text-align: justify\">Caso os promotores tenham a inten\u00e7\u00e3o de utilizar somente uma parte dos bens para objetivos diversos das causas dever\u00e1 obter a autoriza\u00e7\u00e3o da Congrega\u00e7\u00e3o das Causas dos Santos. O promotor, recebido o balan\u00e7o, ap\u00f3s t\u00ea-lo aprovado, envia uma c\u00f3pia \u00e0s autoridades competentes para a vigil\u00e2ncia. Em caso de inadimpl\u00eancia ou de abusos de natureza administrativa ou financeira por parte de quem participa do desenvolvimento da causa, o Dicast\u00e9rio interv\u00e9m disciplinarmente.<\/p>\n<p style=\"text-align: justify\">Celebrada a beatifica\u00e7\u00e3o ou a canoniza\u00e7\u00e3o, o administrador do fundo presta contas da administra\u00e7\u00e3o completa dos bens para a devida aprova\u00e7\u00e3o. Depois da canoniza\u00e7\u00e3o a Congrega\u00e7\u00e3o das Causas dos Santos, em nome da S\u00e9 Apost\u00f3lica, disp\u00f5e da eventual reminisc\u00eancia do fundo, tendo presente os pedidos de utiliza\u00e7\u00e3o por parte dos promotores. Efetuado o quanto prescrito, o fundo da Causa e a Postula\u00e7\u00e3o deixam de existir.<\/p>\n<h3 style=\"text-align: justify\">Fundo de solidariedade<\/h3>\n<p style=\"text-align: justify\">Um \u201cFundo de Solidariedade\u201d constitu\u00eddo junto \u00e0 Congrega\u00e7\u00e3o das Causas dos Santos ser\u00e1 alimentado com ofertas livres dos promotores ou de qualquer outra fonte. Nos casos em que exista uma real dificuldade em apoiar os custos de uma causa em fase romana, o promotor pode pedir uma contribui\u00e7\u00e3o \u00e0 Congrega\u00e7\u00e3o das Causas dos Santos por meio do ordin\u00e1rio competente. A Congrega\u00e7\u00e3o avaliar\u00e1 caso por caso.<\/p>\n<h5 style=\"line-height: 15.808px\">Com informa\u00e7\u00f5es da R\u00e1dio Vaticano<\/h5>\n","protected":false},"excerpt":{"rendered":"<p>Objetivo \u00e9 que procedimento seja mais transparente, claro e funcional<\/p>\n","protected":false},"author":83,"featured_media":28895,"comment_status":"open","ping_status":"open","sticky":false,"template":"","format":"standard","meta":{"site-sidebar-layout":"default","site-content-layout":"default","ast-global-header-display":"","ast-banner-title-visibility":"","ast-main-header-display":"","ast-hfb-above-header-display":"","ast-hfb-below-header-display":"","ast-hfb-mobile-header-display":"","site-post-title":"","ast-breadcrumbs-content":"","ast-featured-img":"","footer-sml-layout":"","theme-transparent-header-meta":"","adv-header-id-meta":"","stick-header-meta":"","header-above-stick-meta":"","header-main-stick-meta":"","header-below-stick-meta":""},"categories":[784],"tags":[],"acf":[],"_links":{"self":[{"href":"https:\/\/www.cnbb.org.br\/cnbb-app\/wp\/v2\/posts\/28894"}],"collection":[{"href":"https:\/\/www.cnbb.org.br\/cnbb-app\/wp\/v2\/posts"}],"about":[{"href":"https:\/\/www.cnbb.org.br\/cnbb-app\/wp\/v2\/types\/post"}],"author":[{"embeddable":true,"href":"https:\/\/www.cnbb.org.br\/cnbb-app\/wp\/v2\/users\/83"}],"replies":[{"embeddable":true,"href":"https:\/\/www.cnbb.org.br\/cnbb-app\/wp\/v2\/comments?post=28894"}],"version-history":[{"count":0,"href":"https:\/\/www.cnbb.org.br\/cnbb-app\/wp\/v2\/posts\/28894\/revisions"}],"wp:featuredmedia":[{"embeddable":true,"href":"https:\/\/www.cnbb.org.br\/cnbb-app\/wp\/v2\/media\/28895"}],"wp:attachment":[{"href":"https:\/\/www.cnbb.org.br\/cnbb-app\/wp\/v2\/media?parent=28894"}],"wp:term":[{"taxonomy":"category","embeddable":true,"href":"https:\/\/www.cnbb.org.br\/cnbb-app\/wp\/v2\/categories?post=28894"},{"taxonomy":"post_tag","embeddable":true,"href":"https:\/\/www.cnbb.org.br\/cnbb-app\/wp\/v2\/tags?post=28894"}],"curies":[{"name":"wp","href":"https:\/\/api.w.org\/{rel}","templated":true}]}}