{"id":28898,"date":"2016-03-15T00:00:00","date_gmt":"2016-03-15T03:00:00","guid":{"rendered":"https:\/\/www.cnbb.org.br\/madre-teresa-de-calcuta-sera-canonizada-em-setembro\/"},"modified":"2016-03-15T00:00:00","modified_gmt":"2016-03-15T03:00:00","slug":"madre-teresa-de-calcuta-sera-canonizada-em-setembro","status":"publish","type":"post","link":"https:\/\/www.cnbb.org.br\/madre-teresa-de-calcuta-sera-canonizada-em-setembro\/","title":{"rendered":"Madre Teresa de Calcut\u00e1 ser\u00e1 canonizada em setembro"},"content":{"rendered":"<p style=\"font-size: 12.16px;line-height: 15.808px\">O milagre atribu\u00eddo\u00a0\u00e0\u00a0beata aconteceu no Brasil, ap\u00f3s cura de grave doen\u00e7a cerebral<\/p>\n<p>  <!--more-->  <\/p>\n<p style=\"font-size: 12.16px;line-height: 15.808px\">\n<p style=\"text-align: justify\">O Vaticano comunicou hoje, 15, a decis\u00e3o do papa Francisco em canonizar madre Teresa de Calcut\u00e1, no\u00a0dia\u00a04 de setembro. A informa\u00e7\u00e3o ocorreu durante abertura do Consist\u00f3rio, mas sem o local da celebra\u00e7\u00e3o, que\u00a0poder\u00e1\u00a0ser realizada no Vaticano ou na \u00cdndia.<\/p>\n<p style=\"text-align: justify\">Tamb\u00e9m ser\u00e3o canonizados outros quatro beatos: Estanislau de Jesus Maria (Jo\u00e3o Papczy\u0144ski) e Maria Elisabeth Hesselblad, em 5 de junho, e Jos\u00e9 S\u00e1nchez Del R\u00edo e Jos\u00e9 Gabriel Del Rosario Brochero , no dia 16 de outubro.<\/p>\n<p style=\"text-align: justify\"><strong>Milagre no Brasil\u00a0<\/strong><\/p>\n<p style=\"text-align: justify\">O processo de avalia\u00e7\u00e3o do milagre atribu\u00eddo\u00a0\u00e0\u00a0madre Teresa foi conclu\u00eddo em julho deste ano. O fato ocorreu no Brasil, ap\u00f3s cura inexplic\u00e1vel de um homem, morador de Santos (SP), em meados de 2008. Na \u00e9poca, ele tinha 35 anos e sofria de grave doen\u00e7a cerebral. Ap\u00f3s pedir a intercess\u00e3o da beata, teve recupera\u00e7\u00e3o imediata.\u00a0<\/p>\n<p style=\"text-align: justify\">Madre Teresa nasceu em 1910 em Skopje, territ\u00f3rio alban\u00eas, atualmente capital da Maced\u00f4nia, e morreu em 1997 em Calcut\u00e1, na \u00cdndia. Anjez\u00eb Gonxhe Bojaxhiu, nome de batismo da beata, recebeu o Pr\u00eamio Nobel da Paz em 1979 por sua atua\u00e7\u00e3o mission\u00e1ria. \u00c9 considerada a mission\u00e1ria do s\u00e9culo XX, sendo fundadora da congrega\u00e7\u00e3o &#8220;Mission\u00e1rias da Caridade&#8221;.\u00a0Em\u00a0sua trajet\u00f3ria, atuou na defesa do controle de natalidade e posi\u00e7\u00f5es contr\u00e1rias o aborto e da contracep\u00e7\u00e3o.<\/p>\n<h5 style=\"text-align: justify\">CNBB com informa\u00e7\u00f5es da R\u00e1dio Vaticano.\u00a0<\/h5>\n<h5>\u00a0<\/h5>\n<p>\u00a0<\/p>\n","protected":false},"excerpt":{"rendered":"<p>O milagre atribu\u00eddo\u00a0\u00e0\u00a0beata aconteceu no Brasil, ap\u00f3s cura de grave doen\u00e7a cerebral<\/p>\n","protected":false},"author":83,"featured_media":28899,"comment_status":"open","ping_status":"open","sticky":false,"template":"","format":"standard","meta":{"site-sidebar-layout":"default","site-content-layout":"default","ast-global-header-display":"","ast-banner-title-visibility":"","ast-main-header-display":"","ast-hfb-above-header-display":"","ast-hfb-below-header-display":"","ast-hfb-mobile-header-display":"","site-post-title":"","ast-breadcrumbs-content":"","ast-featured-img":"","footer-sml-layout":"","theme-transparent-header-meta":"","adv-header-id-meta":"","stick-header-meta":"","header-above-stick-meta":"","header-main-stick-meta":"","header-below-stick-meta":""},"categories":[784],"tags":[],"acf":[],"_links":{"self":[{"href":"https:\/\/www.cnbb.org.br\/cnbb-app\/wp\/v2\/posts\/28898"}],"collection":[{"href":"https:\/\/www.cnbb.org.br\/cnbb-app\/wp\/v2\/posts"}],"about":[{"href":"https:\/\/www.cnbb.org.br\/cnbb-app\/wp\/v2\/types\/post"}],"author":[{"embeddable":true,"href":"https:\/\/www.cnbb.org.br\/cnbb-app\/wp\/v2\/users\/83"}],"replies":[{"embeddable":true,"href":"https:\/\/www.cnbb.org.br\/cnbb-app\/wp\/v2\/comments?post=28898"}],"version-history":[{"count":0,"href":"https:\/\/www.cnbb.org.br\/cnbb-app\/wp\/v2\/posts\/28898\/revisions"}],"wp:featuredmedia":[{"embeddable":true,"href":"https:\/\/www.cnbb.org.br\/cnbb-app\/wp\/v2\/media\/28899"}],"wp:attachment":[{"href":"https:\/\/www.cnbb.org.br\/cnbb-app\/wp\/v2\/media?parent=28898"}],"wp:term":[{"taxonomy":"category","embeddable":true,"href":"https:\/\/www.cnbb.org.br\/cnbb-app\/wp\/v2\/categories?post=28898"},{"taxonomy":"post_tag","embeddable":true,"href":"https:\/\/www.cnbb.org.br\/cnbb-app\/wp\/v2\/tags?post=28898"}],"curies":[{"name":"wp","href":"https:\/\/api.w.org\/{rel}","templated":true}]}}