{"id":28902,"date":"2016-03-17T00:00:00","date_gmt":"2016-03-17T03:00:00","guid":{"rendered":"https:\/\/www.cnbb.org.br\/papa-francisco-pede-acolhimento-aos-migrantes-sofredores\/"},"modified":"2016-03-17T00:00:00","modified_gmt":"2016-03-17T03:00:00","slug":"papa-francisco-pede-acolhimento-aos-migrantes-sofredores","status":"publish","type":"post","link":"https:\/\/www.cnbb.org.br\/papa-francisco-pede-acolhimento-aos-migrantes-sofredores\/","title":{"rendered":"Papa Francisco pede acolhimento aos migrantes sofredores\u00a0"},"content":{"rendered":"<p style=\"text-align: justify\">Milhares de peregrinos acompanharam a catequese na Pra\u00e7a de S\u00e3o Pedro no Vaticano<\/p>\n<p>  <!--more-->  <\/p>\n<p style=\"text-align: justify\">Durante audi\u00eancia geral, na quarta-feira, 16 de mar\u00e7o,\u00a0o papa Francisco pediu que as na\u00e7\u00f5es e governantes \u201cabram o cora\u00e7\u00e3o e as portas\u201d e que acolham os povos que s\u00e3o expulsos dos pa\u00edses.<\/p>\n<p style=\"text-align: justify\">\u201cOs migrantes de hoje que sofrem o frio, sem comida e n\u00e3o podem entrar, n\u00e3o sentem a acolhida. Gosto tanto de ouvir quando vejo as na\u00e7\u00f5es, os governantes que abrem o cora\u00e7\u00e3o e abrem as portas!\u201d, disse o papa.<\/p>\n<p style=\"text-align: justify\">Ainda, na reflex\u00e3o do livro do profeta Jeremias, Francisco recordou que \u201ca terra, que o povo tinha sido obrigado a abandonar, tinha se tornado v\u00edtima de inimigos e desolados\u201d. E, desejou que \u201co verdadeiro e radical retorno do ex\u00edlio e a confortante luz depois da escurid\u00e3o da crise de f\u00e9 se realiza na P\u00e1scoa, na experi\u00eancia cheia e definitiva do amor de Deus, amor misericordioso que d\u00e1 alegria, paz e vida eterna\u201d.<\/p>\n<p style=\"text-align: justify\">No final da catequese o papa recebeu um grupo de crian\u00e7as.<\/p>\n<p style=\"text-align: justify\"><strong>Confira a \u00edntegra da mensagem:<\/strong><\/p>\n<p style=\"text-align: justify\">Queridos irm\u00e3os e irm\u00e3s, bom dia.<\/p>\n<p style=\"text-align: justify\">No livro do profeta Jeremias, os cap\u00edtulos 30 e 31 s\u00e3o ditos \u201clivro da consola\u00e7\u00e3o\u201d, porque nesses a miseric\u00f3rdia de Deus se apresenta com toda a sua capacidade de confortar e abrir o cora\u00e7\u00e3o dos aflitos \u00e0 esperan\u00e7a. Hoje queremos tamb\u00e9m n\u00f3s ouvir essa mensagem de consola\u00e7\u00e3o.<\/p>\n<p style=\"text-align: justify\">Jeremias se dirige aos israelitas que foram deportados \u00e0 terra estrangeira e pr\u00e9-anuncia o retorno \u00e0 p\u00e1tria. Este retorno \u00e9 sinal do amor infinito de Deus Pai, que n\u00e3o abandona os seus filhos, mas cuida deles e os salva. O ex\u00edlio foi uma experi\u00eancia devastante para Israel. A f\u00e9 havia vacilado porque em terra estrangeira, sem o templo, sem o culto, depois de ter visto o pa\u00eds destru\u00eddo, era dif\u00edcil continuar a acreditar na bondade do Senhor. Penso na vizinha Alb\u00e2nia e como, depois de tanta persegui\u00e7\u00e3o e destrui\u00e7\u00e3o, conseguiu se reerguer na dignidade e na f\u00e9. Assim sofreram os israelitas no ex\u00edlio.<\/p>\n<p style=\"text-align: justify\">Tamb\u00e9m n\u00f3s podemos viver \u00e0s vezes uma esp\u00e9cie de ex\u00edlio, quando a solicitude, o sofrimento, a morte nos fazem pensar termos sido abandonados por Deus. Quantas vezes ouvimos essa palavra: \u201cDeus se esqueceu de mim\u201d: s\u00e3o pessoas que sofrem e se sentem abandonadas. E quantos nossos irm\u00e3os est\u00e3o vivendo neste tempo uma real e dram\u00e1tica situa\u00e7\u00e3o de ex\u00edlio, distantes da sua p\u00e1tria, tendo nos olhos os escombros de suas casas, no cora\u00e7\u00e3o o medo e, muitas vezes, infelizmente, a dor pela perda de pessoas queridas! Nestes casos, algu\u00e9m pode se perguntar: onde est\u00e1 Deus? Como \u00e9 poss\u00edvel que tanto sofrimento possa se abater sobre os homens, mulheres e crian\u00e7as inocentes? E quando procuram entrar em qualquer outra parte lhe fecham a porta. E est\u00e3o ali, na fronteira porque tantas portas e tantos cora\u00e7\u00f5es est\u00e3o fechados. Os migrantes de hoje que sofrem o frio, sem comida e n\u00e3o podem entrar, n\u00e3o sentem a acolhida. Gosto tanto de ouvir quando vejo as na\u00e7\u00f5es, os governantes que abrem o cora\u00e7\u00e3o e abrem as portas!<\/p>\n<p style=\"text-align: justify\">O profeta Jeremias nos d\u00e1 uma primeira resposta. O povo exilado poder\u00e1 voltar a ver sua terra e experimentar a miseric\u00f3rdia do Senhor. \u00c9 o grande an\u00fancio de consola\u00e7\u00e3o: Deus n\u00e3o est\u00e1 ausente nem hoje nestas dram\u00e1ticas situa\u00e7\u00f5es, Deus est\u00e1 pr\u00f3ximo e faz obras grandes de salva\u00e7\u00e3o para quem confia Nele. N\u00e3o se deve ceder ao desespero, mas continuar a ser seguro de que o bem vence o mal e que o Senhor enxugar\u00e1 cada l\u00e1grima e nos libertar\u00e1 de todo medo. Por isso Jeremias empresta a sua voz \u00e0s palavras de amor de Deus pelo seu povo:<\/p>\n<p style=\"text-align: justify\">\u201cDe longe me aparecia o Senhor:<\/p>\n<p style=\"text-align: justify\">amo-te com eterno amor,<\/p>\n<p style=\"text-align: justify\">e por isso a ti estendi o meu favor.<\/p>\n<p style=\"text-align: justify\">Reconstruir-te-ei, e ser\u00e1s restaurada, \u00f3 virgem de Israel!<\/p>\n<p style=\"text-align: justify\">Vir\u00e1s, ornada de tamborins, participar de alegres dan\u00e7as\u201d (31, 3-4)<\/p>\n<p style=\"text-align: justify\">O Senhor \u00e9 fiel, n\u00e3o abandona \u00e0 desola\u00e7\u00e3o. Deus ama com um amor sem fim, que nem mesmo o pecado pode frear, e gra\u00e7as a Ele o cora\u00e7\u00e3o do homem se enche de alegria e de consola\u00e7\u00e3o.<\/p>\n<p style=\"text-align: justify\">O sonho consolante do retorno \u00e0 p\u00e1tria continua nas palavras do profeta, que dirigindo-se a quantos retornar\u00e3o a Jerusal\u00e9m, diz:<\/p>\n<p style=\"text-align: justify\">\u201cRegressar\u00e3o entre gritos de alegria \u00e0s alturas de Si\u00e3o<\/p>\n<p style=\"text-align: justify\">acorrendo aos bens do Senhor:<\/p>\n<p style=\"text-align: justify\">ao trigo, ao mosto e ao \u00f3leo,<\/p>\n<p style=\"text-align: justify\">ao gado menor e ao maior.<\/p>\n<p style=\"text-align: justify\">Sua alma se assemelha a jardim bem regado,<\/p>\n<p style=\"text-align: justify\">e sua fraqueza cessar\u00e1\u201d (31, 12).<\/p>\n<p style=\"text-align: justify\">Na alegria e no reconhecimento, os exilados voltar\u00e3o a Si\u00e3o, saindo sobre o monte santo rumo \u00e0 casa de Deus e assim poder\u00e3o de novo levantar hinos e ora\u00e7\u00f5es ao Senhor que os libertou. Este retornar a Jerusal\u00e9m e aos seus bens \u00e9 descrito com um verbo que literalmente quer dizer \u201cafluir, socorrer\u201d. O povo \u00e9 visto, em um movimento paradoxal, como um rio em cheia que flui rumo \u00e0 altura de Si\u00e3o, movendo em dire\u00e7\u00e3o ao topo da montanha. Uma imagem corajosa para dizer quanto \u00e9 grande a miseric\u00f3rdia do Senhor!<\/p>\n<p style=\"text-align: justify\">A terra, que o povo tinha sido obrigado a abandonar, tinha se tornado v\u00edtima de inimigos e desolados. Agora, em vez disso, retoma a vida e refloresce. E os exilados ser\u00e3o como um jardim irrigado, como uma terra f\u00e9rtil. Israel, levado novamente \u00e0 p\u00e1tria pelo seu Senhor, assiste \u00e0 vit\u00f3ria da vida sobre a morte e da ben\u00e7\u00e3o sobre a maldi\u00e7\u00e3o.<\/p>\n<p style=\"text-align: justify\">\u00c9 assim que o povo \u00e9 fortificado e consolado por Deus. Esta palavra \u00e9 importante: consolado! Os repatriados recebem vida de uma fonte que, gratuitamente, os irriga.<\/p>\n<p style=\"text-align: justify\">A este ponto, o profeta anuncia a plenitude da alegria e sempre, em nome de Deus, proclama:<\/p>\n<p style=\"text-align: justify\">\u201cTransformar-lhes-ei o luto em regozijo, e os consolarei ap\u00f3s o sofrimento e os alegrarei\u201d (31, 13).<\/p>\n<p style=\"text-align: justify\">O salmo nos diz que, quando voltaram \u00e0 p\u00e1tria, a boca se enche de sorriso; \u00e9 uma alegria t\u00e3o grande! \u00c9 o dom que o Senhor quer dar tamb\u00e9m a cada um de n\u00f3s, com o seu perd\u00e3o que converte e reconcilia.<\/p>\n<p style=\"text-align: justify\">O profeta Jeremias nos deu o an\u00fancio, apresentando o retorno dos exilados como um grande s\u00edmbolo da consola\u00e7\u00e3o dada ao cora\u00e7\u00e3o que se converte. O Senhor Jesus, por sua parte, levou a cumprimento esta mensagem do profeta. O verdadeiro e radical retorno do ex\u00edlio e a confortante luz depois da escurid\u00e3o da crise de f\u00e9 se realiza na P\u00e1scoa, na experi\u00eancia cheia e definitiva do amor de Deus, amor misericordioso que d\u00e1 alegria, paz e vida eterna.<\/p>\n<p style=\"text-align: justify\">\u00a0<\/p>\n<p style=\"text-align: justify\">\u00a0<\/p>\n","protected":false},"excerpt":{"rendered":"<p>Milhares de peregrinos acompanharam a catequese na Pra\u00e7a de S\u00e3o Pedro no Vaticano<\/p>\n","protected":false},"author":83,"featured_media":28903,"comment_status":"open","ping_status":"open","sticky":false,"template":"","format":"standard","meta":{"site-sidebar-layout":"default","site-content-layout":"default","ast-global-header-display":"","ast-banner-title-visibility":"","ast-main-header-display":"","ast-hfb-above-header-display":"","ast-hfb-below-header-display":"","ast-hfb-mobile-header-display":"","site-post-title":"","ast-breadcrumbs-content":"","ast-featured-img":"","footer-sml-layout":"","theme-transparent-header-meta":"","adv-header-id-meta":"","stick-header-meta":"","header-above-stick-meta":"","header-main-stick-meta":"","header-below-stick-meta":""},"categories":[784],"tags":[],"acf":[],"_links":{"self":[{"href":"https:\/\/www.cnbb.org.br\/cnbb-app\/wp\/v2\/posts\/28902"}],"collection":[{"href":"https:\/\/www.cnbb.org.br\/cnbb-app\/wp\/v2\/posts"}],"about":[{"href":"https:\/\/www.cnbb.org.br\/cnbb-app\/wp\/v2\/types\/post"}],"author":[{"embeddable":true,"href":"https:\/\/www.cnbb.org.br\/cnbb-app\/wp\/v2\/users\/83"}],"replies":[{"embeddable":true,"href":"https:\/\/www.cnbb.org.br\/cnbb-app\/wp\/v2\/comments?post=28902"}],"version-history":[{"count":0,"href":"https:\/\/www.cnbb.org.br\/cnbb-app\/wp\/v2\/posts\/28902\/revisions"}],"wp:featuredmedia":[{"embeddable":true,"href":"https:\/\/www.cnbb.org.br\/cnbb-app\/wp\/v2\/media\/28903"}],"wp:attachment":[{"href":"https:\/\/www.cnbb.org.br\/cnbb-app\/wp\/v2\/media?parent=28902"}],"wp:term":[{"taxonomy":"category","embeddable":true,"href":"https:\/\/www.cnbb.org.br\/cnbb-app\/wp\/v2\/categories?post=28902"},{"taxonomy":"post_tag","embeddable":true,"href":"https:\/\/www.cnbb.org.br\/cnbb-app\/wp\/v2\/tags?post=28902"}],"curies":[{"name":"wp","href":"https:\/\/api.w.org\/{rel}","templated":true}]}}