{"id":28904,"date":"2016-03-20T00:00:00","date_gmt":"2016-03-20T03:00:00","guid":{"rendered":"https:\/\/www.cnbb.org.br\/viveu-entre-nos-numa-condicao-de-servo-nao-de-rei-nem-de-principe-mas-de-servo-disse-francisco-neste-domingo-de-ramos\/"},"modified":"2016-03-20T00:00:00","modified_gmt":"2016-03-20T03:00:00","slug":"viveu-entre-nos-numa-condicao-de-servo-nao-de-rei-nem-de-principe-mas-de-servo-disse-francisco-neste-domingo-de-ramos","status":"publish","type":"post","link":"https:\/\/www.cnbb.org.br\/viveu-entre-nos-numa-condicao-de-servo-nao-de-rei-nem-de-principe-mas-de-servo-disse-francisco-neste-domingo-de-ramos\/","title":{"rendered":"&#8220;Jesus viveu entre n\u00f3s numa condi\u00e7\u00e3o de servo&#8221;, disse Francisco neste Domingo de Ramos"},"content":{"rendered":"<p>Papa recordou as Jornadas Diocesanas da Juventude, celebradas hoje no mundo<\/p>\n<p>  <!--more-->  <\/p>\n<p><span style=\"font-size: 12.16px;line-height: 1.3em\">O papa Francisco presidiu neste domingo, 20 de mar\u00e7o, missa precedida pela tradicional prociss\u00e3o com os ramos, na Pra\u00e7a S\u00e3o Pedro, no Vaticano.<\/span><\/p>\n<p style=\"text-align: justify\">Na homilia, Francisco lembrou a entrada de Jesus em Jerusal\u00e9m e o entusiasmo com o qual foi acolhido. Por\u00e9m, ressaltou o caminho da reden\u00e7\u00e3o de Jesus, destacando dois verbos: aniquilou-Se e humilhou-Se. \u201cEsses dois verbos nos indicam at\u00e9 que extremo chegou o amor de Deus por n\u00f3s. Jesus aniquilou-Se a Si mesmo: renunciou \u00e0 gl\u00f3ria de Filho de Deus e tornou-Se Filho do homem. E n\u00e3o s\u00f3\u2026 Viveu entre n\u00f3s numa condi\u00e7\u00e3o de servo: n\u00e3o de rei nem de pr\u00edncipe, mas de servo. Para isso, humilhou-Se e o abismo da sua humilha\u00e7\u00e3o, que a Semana Santa nos mostra, parece sem fundo\u201d, disse.\u00a0<\/p>\n<p style=\"text-align: justify\">Recordou que o primeiro gesto deste \u201camor sem fim\u201d \u00e9 o lava-p\u00e9s e que a humilha\u00e7\u00e3o extrema ocorre na Paix\u00e3o. Conforme\u00a0explica Francisco, Jesus \u00e9 abandonado, renegado, sofre a inf\u00e2mia e a in\u00edqua condena\u00e7\u00e3o.\u00a0<\/p>\n<p style=\"text-align: justify\">O papa acrescenta, ainda, que o ponto culminante do despejamento de Jesus se d\u00e1 na cruz, quando experimenta \u201co misterioso abandono do Pai\u201d , revela o \u201cverdadeiro rosto de Deus, que \u00e9 a miseric\u00f3rdia\u201d, perdoa seus algozes, abre as portas do para\u00edso ao ladr\u00e3o arrependido e toca no cora\u00e7\u00e3o do centuri\u00e3o.<\/p>\n<p style=\"text-align: justify\">Ao final da missa, Francisco lembrou a 31\u00aa Jornada Mundial da Juventude, celebrada neste Domingo de Ramos, em \u00e2mbito diocesano e que culminar\u00e1 no final de julho no Encontro Mundial em Crac\u00f3via. \u201cAo regressarem \u00e0 Pol\u00f4nia, levar\u00e3o aos respons\u00e1veis da na\u00e7\u00e3o os ramos de oliveira provenientes de Jerusal\u00e9m, Assis e Monteccasino e aben\u00e7oados nesta Pra\u00e7a, como convite a cultivar prop\u00f3sitos de paz, de reconcilia\u00e7\u00e3o e de fraternidade. Prossigam com coragem!\u201d, disse Francisco aos \u00a0in\u00fameros jovens de Crac\u00f3via presentes na Pra\u00e7a S\u00e3o Pedro.\u00a0<\/p>\n<p style=\"text-align: justify\">\u00a0<\/p>\n<p style=\"text-align: justify\">Com informa\u00e7\u00f5es e foto da R\u00e1dio Vaticano.\u00a0<\/p>\n","protected":false},"excerpt":{"rendered":"<p>Papa recordou as Jornadas Diocesanas da Juventude, celebradas hoje no mundo<\/p>\n","protected":false},"author":83,"featured_media":28905,"comment_status":"open","ping_status":"open","sticky":false,"template":"","format":"standard","meta":{"site-sidebar-layout":"default","site-content-layout":"default","ast-global-header-display":"","ast-banner-title-visibility":"","ast-main-header-display":"","ast-hfb-above-header-display":"","ast-hfb-below-header-display":"","ast-hfb-mobile-header-display":"","site-post-title":"","ast-breadcrumbs-content":"","ast-featured-img":"","footer-sml-layout":"","theme-transparent-header-meta":"","adv-header-id-meta":"","stick-header-meta":"","header-above-stick-meta":"","header-main-stick-meta":"","header-below-stick-meta":""},"categories":[784],"tags":[],"acf":[],"_links":{"self":[{"href":"https:\/\/www.cnbb.org.br\/cnbb-app\/wp\/v2\/posts\/28904"}],"collection":[{"href":"https:\/\/www.cnbb.org.br\/cnbb-app\/wp\/v2\/posts"}],"about":[{"href":"https:\/\/www.cnbb.org.br\/cnbb-app\/wp\/v2\/types\/post"}],"author":[{"embeddable":true,"href":"https:\/\/www.cnbb.org.br\/cnbb-app\/wp\/v2\/users\/83"}],"replies":[{"embeddable":true,"href":"https:\/\/www.cnbb.org.br\/cnbb-app\/wp\/v2\/comments?post=28904"}],"version-history":[{"count":0,"href":"https:\/\/www.cnbb.org.br\/cnbb-app\/wp\/v2\/posts\/28904\/revisions"}],"wp:featuredmedia":[{"embeddable":true,"href":"https:\/\/www.cnbb.org.br\/cnbb-app\/wp\/v2\/media\/28905"}],"wp:attachment":[{"href":"https:\/\/www.cnbb.org.br\/cnbb-app\/wp\/v2\/media?parent=28904"}],"wp:term":[{"taxonomy":"category","embeddable":true,"href":"https:\/\/www.cnbb.org.br\/cnbb-app\/wp\/v2\/categories?post=28904"},{"taxonomy":"post_tag","embeddable":true,"href":"https:\/\/www.cnbb.org.br\/cnbb-app\/wp\/v2\/tags?post=28904"}],"curies":[{"name":"wp","href":"https:\/\/api.w.org\/{rel}","templated":true}]}}