{"id":28908,"date":"2016-03-23T00:00:00","date_gmt":"2016-03-23T03:00:00","guid":{"rendered":"https:\/\/www.cnbb.org.br\/semana-santa-e-o-momento-mais-forte-do-ano-liturgico-explica-dom-bucciol\/"},"modified":"2016-03-23T00:00:00","modified_gmt":"2016-03-23T03:00:00","slug":"semana-santa-e-o-momento-mais-forte-do-ano-liturgico-explica-dom-bucciol","status":"publish","type":"post","link":"https:\/\/www.cnbb.org.br\/semana-santa-e-o-momento-mais-forte-do-ano-liturgico-explica-dom-bucciol\/","title":{"rendered":"\u201cSemana Santa \u00e9 o momento mais forte do ano lit\u00fargico\u201d, afirma dom Bucciol"},"content":{"rendered":"<p style=\"text-align: justify\">Presidente da Comiss\u00e3o para a Liturgia explica sobre as celebra\u00e7\u00f5es que antecedem a P\u00e1scoa<\/p>\n<p><!--more--><\/p>\n<p style=\"text-align: justify\">\n<p style=\"text-align: justify\">O \u00faltimo domingo, 20 de mar\u00e7o, abriu a Semana Santa, ocasi\u00e3o em que a Igreja recorda e celebra a paix\u00e3o e a morte de Jesus. O bispo de Livramento de Nossa Senhora (BA) e presidente da Comiss\u00e3o Episcopal Pastoral para a Liturgia da Confer\u00eancia Nacional dos Bispos do Brasil (CNBB), dom Armando Bucciol, recorda que \u201ca Semana Santa \u00e9 o momento mais forte do ano lit\u00fargico\u201d e\u00a0destaca a \u201cpresen\u00e7a amorosa, a miseric\u00f3rdia de Deus para com a humanidade que se concretizou, se manifestou na paix\u00e3o e morte e ressurrei\u00e7\u00e3o do Senhor\u201d.<\/p>\n<p style=\"text-align: justify\">Segundo dom Armando, a miseric\u00f3rdia significa &#8220;a compaix\u00e3o do Senhor para com a humanidade inteira&#8221; e encontra nesses dias &#8220;o seu momento mais importante, mais belo\u201d.<\/p>\n<p style=\"text-align: justify\">O bispo indica aos fi\u00e9is que vivam,\u00a0com \u201csentimentos de sincera convers\u00e3o para com a bondade do Senhor que amou at\u00e9 o ponto mais alto\u201d,\u00a0as celebra\u00e7\u00f5es que a Igreja proporciona nesses dias, de modo particular no Tr\u00edduo Pascal, que come\u00e7a\u00a0nesta\u00a0Quinta-feira Santa, 24.<\/p>\n<p style=\"text-align: justify\">Dom Armando explica que o\u00a0Tr\u00edduo Pascal envolve tr\u00eas momentos em uma \u00fanica celebra\u00e7\u00e3o.<\/p>\n<p style=\"text-align: justify\"><img decoding=\"async\" loading=\"lazy\" class=\" alignleft size-full wp-image-28817\" style=\"float: left\" src=\"https:\/\/www.cnbb.org.br\/wp-content\/uploads\/2020\/03\/Dom_Armando_PGM-600.jpg\" alt=\"\" width=\"422\" height=\"229\" \/><\/p>\n<h3 style=\"text-align: justify\">Quinta-feira Santa<\/h3>\n<p style=\"text-align: justify\"><em>\u201c<\/em>Come\u00e7amos com a celebra\u00e7\u00e3o da Ceia Pascal, na quinta-feira \u00e0 noite, em que n\u00f3s fazemos mem\u00f3ria da grande ceia da despedida, que come\u00e7a, segundo o evangelista Jo\u00e3o, com o gesto do lava-p\u00e9s. Cristo manifesta sua disponibilidade a amar at\u00e9 o fim, ele se considera o servo da humanidade\u201d<em>.<\/em><\/p>\n<h3 style=\"text-align: justify\">Sexta-feira da Paix\u00e3o<\/h3>\n<p style=\"text-align: justify\">\u201cDepois da Ceia Pascal, com a celebra\u00e7\u00e3o da Eucaristia, mem\u00f3ria viva do maior mist\u00e9rio do amor de Deus, do sacrif\u00edcio de Cristo at\u00e9 as \u00faltimas consequ\u00eancias, eis que, na sexta-feira, n\u00f3s celebramos este rito s\u00f3brio de uma intens\u00edssima espiritualidade da morte do Senhor. Naquele dia, a Igreja n\u00e3o tem a celebra\u00e7\u00e3o da eucaristia, mas convida seus fi\u00e9is a olhar, a contemplar o crucificado, Cristo que morre na Cruz. Ele nos amou at\u00e9 doar a \u00faltima gota do seu sangue\u201d.<\/p>\n<h3 style=\"text-align: justify\">S\u00e1bado Santo<\/h3>\n<p style=\"text-align: justify\">\u201cDepois do sil\u00eancio do S\u00e1bado Santo, em que a Igreja medita e reflete Cristo morto, eis que chegamos \u00e0 noite da Vig\u00edlia Pascal, em que celebramos a vit\u00f3ria de Cristo sobre a morte, a morte foi vencida e a Igreja vibra e renova a sua f\u00e9, a sua esperan\u00e7a numa plenitude vivida de realiza\u00e7\u00e3o que Cristo j\u00e1 semeou, plantou na terra e que nos fins dos tempos se realizar\u00e1 plenamente. A Vig\u00edlia Pascal conclui o tr\u00edduo\u201d.<\/p>\n<p style=\"text-align: justify\">\u201c\u00c9 interessante observar que o sinal da Cruz se faz come\u00e7ando a Eucaristia na quinta-feira e repetimos com b\u00ean\u00e7\u00e3o final na celebra\u00e7\u00e3o da Vig\u00edlia Pascal e, atrav\u00e9s desse simbolismo lit\u00fargico expressamos essa unidade dos tr\u00eas momentos celebrativos que caracterizam esse tr\u00edduo sacro\u201d, sublinha dom Armando ao lembrar o sentido de uma \u00fanica celebra\u00e7\u00e3o nos tr\u00eas dias de tr\u00edduo.<\/p>\n<h3 style=\"text-align: justify\">Reflex\u00e3o da CFE 2016<\/h3>\n<p style=\"text-align: justify\">A abordagem da Campanha da Fraternidade Ecum\u00eanica de 2016 (CFE 2016), voltada para o saneamento b\u00e1sico, a partir do tema \u201cCasa Comum, nossa responsabilidade\u201d e o lema \u201cQuero ver o direito brotar como fonte e correr a justi\u00e7a qual riacho que n\u00e3o seca\u201d (Am 5, 24), tamb\u00e9m tem presen\u00e7a nas reflex\u00f5es da Semana Santa.<\/p>\n<p style=\"text-align: justify\">\u201cA liturgia nos coloca ao lado da vida, ao lado de Cristo que nos amou, que amou a vida e que n\u00e3o procurou a morte. A encontrou por fidelidade a uma vida plena, uma vida verdadeira. \u00a0Ent\u00e3o, na liturgia, de tantas maneiras, entra essa dimens\u00e3o vida, casa comum, responsabilidade\u201d, acrescenta.<\/p>\n<p style=\"text-align: justify\">O bispo\u00a0fala\u00a0tamb\u00e9m que no \u00e2mbito da Piedade Popular a tem\u00e1tica se expressa de uma maneira \u201cmuito bela e participativa\u201d na medita\u00e7\u00e3o da Via Sacra. Dom Armando ressalta que a CNBB preparou subs\u00eddios no contexto da CFE \u201cpara tornar mais concreta esta participa\u00e7\u00e3o\u201d.<\/p>\n<p>&nbsp;<\/p>\n<p style=\"text-align: justify\">\n","protected":false},"excerpt":{"rendered":"<p>Presidente da Comiss\u00e3o para a Liturgia explica sobre as celebra\u00e7\u00f5es que antecedem a P\u00e1scoa<\/p>\n","protected":false},"author":83,"featured_media":28909,"comment_status":"open","ping_status":"open","sticky":false,"template":"","format":"standard","meta":{"site-sidebar-layout":"default","site-content-layout":"default","ast-global-header-display":"","ast-banner-title-visibility":"","ast-main-header-display":"","ast-hfb-above-header-display":"","ast-hfb-below-header-display":"","ast-hfb-mobile-header-display":"","site-post-title":"","ast-breadcrumbs-content":"","ast-featured-img":"","footer-sml-layout":"","theme-transparent-header-meta":"","adv-header-id-meta":"","stick-header-meta":"","header-above-stick-meta":"","header-main-stick-meta":"","header-below-stick-meta":""},"categories":[784],"tags":[],"acf":[],"_links":{"self":[{"href":"https:\/\/www.cnbb.org.br\/cnbb-app\/wp\/v2\/posts\/28908"}],"collection":[{"href":"https:\/\/www.cnbb.org.br\/cnbb-app\/wp\/v2\/posts"}],"about":[{"href":"https:\/\/www.cnbb.org.br\/cnbb-app\/wp\/v2\/types\/post"}],"author":[{"embeddable":true,"href":"https:\/\/www.cnbb.org.br\/cnbb-app\/wp\/v2\/users\/83"}],"replies":[{"embeddable":true,"href":"https:\/\/www.cnbb.org.br\/cnbb-app\/wp\/v2\/comments?post=28908"}],"version-history":[{"count":0,"href":"https:\/\/www.cnbb.org.br\/cnbb-app\/wp\/v2\/posts\/28908\/revisions"}],"wp:featuredmedia":[{"embeddable":true,"href":"https:\/\/www.cnbb.org.br\/cnbb-app\/wp\/v2\/media\/28909"}],"wp:attachment":[{"href":"https:\/\/www.cnbb.org.br\/cnbb-app\/wp\/v2\/media?parent=28908"}],"wp:term":[{"taxonomy":"category","embeddable":true,"href":"https:\/\/www.cnbb.org.br\/cnbb-app\/wp\/v2\/categories?post=28908"},{"taxonomy":"post_tag","embeddable":true,"href":"https:\/\/www.cnbb.org.br\/cnbb-app\/wp\/v2\/tags?post=28908"}],"curies":[{"name":"wp","href":"https:\/\/api.w.org\/{rel}","templated":true}]}}