{"id":28919,"date":"2016-04-25T00:00:00","date_gmt":"2016-04-25T03:00:00","guid":{"rendered":"https:\/\/www.cnbb.org.br\/jubileu-dos-adolescentes-reune-milhares-de-peregrinos-na-praca-de-sao-pedro\/"},"modified":"2016-04-25T00:00:00","modified_gmt":"2016-04-25T03:00:00","slug":"jubileu-dos-adolescentes-reune-milhares-de-peregrinos-na-praca-de-sao-pedro","status":"publish","type":"post","link":"https:\/\/www.cnbb.org.br\/jubileu-dos-adolescentes-reune-milhares-de-peregrinos-na-praca-de-sao-pedro\/","title":{"rendered":"Jubileu dos Adolescentes re\u00fane milhares de peregrinos na Pra\u00e7a de S\u00e3o Pedro"},"content":{"rendered":"<p style=\"text-align: justify\">No s\u00e1bado, 23, o papa Francisco atendeu a confiss\u00e3o de 16 jovens \u00a0<\/p>\n<p>  <!--more-->  <\/p>\n<p style=\"text-align: justify\">\u201cO amor \u00e9 a carteira de identidade do crist\u00e3o, \u00e9 o \u00fanico \u2018documento\u2019 v\u00e1lido para sermos reconhecidos como disc\u00edpulos de Jesus. Se este documento perde a validade e n\u00e3o for renovado, deixamos de ser testemunhas do Mestre\u201d, disse o papa Francisco, na manh\u00e3 deste domingo, 24, durante a missa por ocasi\u00e3o do Jubileu dos Adolescentes.\u00a0<\/p>\n<p style=\"text-align: justify\">Francisco, que teve a homilia inspirada no mandamento de Jesus aos disc\u00edpulos, \u201camai-vos uns aos outros como eu vos amei\u201d, disse aos milhares de adolescentes presentes na pra\u00e7a S\u00e3o Pedro, que amar n\u00e3o \u00e9 f\u00e1cil. \u201c\u00c9 exigente e requer esfor\u00e7o, pois significa oferecer algo de n\u00f3s mesmos: o pr\u00f3prio tempo, a pr\u00f3pria amizade e as pr\u00f3prias capacidades. N\u00e3o \u00e9 o amor das novelas. \u00c9 livre porque n\u00e3o possui\u201d, falou.<\/p>\n<p style=\"text-align: justify\">Segundo o papa, ser livre n\u00e3o significa fazer aquilo que se quer. \u201cMas \u00e9 o dom de poder escolher o bem: \u00e9 livre quem procura aquilo que agrada a Deus\u201d, acrescentou.\u00a0<\/p>\n<p style=\"text-align: justify\">O papa pediu aos jovens para que n\u00e3o se contentem com a mediocridade, com a acomoda\u00e7\u00e3o e para que n\u00e3o confiem em quem os distrai da verdadeira riqueza dizendo que a vida s\u00f3 \u00e9 bela se possuir bens materiais. \u201cA felicidade n\u00e3o tem pre\u00e7o, nem se comercializa. N\u00e3o \u00e9 um aplicativo que se baixa no celular. Nem a vers\u00e3o mais atualizada os ajudar\u00e1 a torn\u00e1-los livres e grandes no amor\u201d, alertou.\u00a0<\/p>\n<p style=\"text-align: justify\">Referiu-se ao amor como dom livre de quem tem o cora\u00e7\u00e3o aberto, como responsabilidade que dura toda a vida, como compromisso di\u00e1rio feito de sonhos. \u201cAi dos jovens que n\u00e3o sabem sonhar. Se um jovem dessa idade n\u00e3o sonha, j\u00e1 est\u00e1 aposentado\u201d, sublinhou. Disse, ainda, que o amor n\u00e3o se realiza falando dele, mas o colocando em pr\u00e1tica.\u00a0<\/p>\n<p style=\"text-align: justify\"><img decoding=\"async\" loading=\"lazy\" class=\" alignright size-full wp-image-29117\" style=\"float: right\" src=\"https:\/\/www.cnbb.org.br\/wp-content\/uploads\/2020\/02\/papajovem.jpg\" alt=\"\" width=\"407\" height=\"271\" \/>Ao concluir sua homilia, lembrou que para amar \u00e9 preciso treinamento, assim como fazem os camp\u00f5es esportivos, com empenho e afinco. Sugeriu como programa di\u00e1rio desse treinamento as obras de miseric\u00f3rdia.<\/p>\n<p style=\"text-align: justify\"><strong>Confiss\u00e3o<\/strong><\/p>\n<p style=\"text-align: justify\">No s\u00e1bado, 23, o papa Francisco atendeu a confiss\u00e3o de 16 adolescentes. Cerca de 150 padres tamb\u00e9m atenderam os jovens vindos de diferentes lugares do mundo.<\/p>\n<p style=\"text-align: justify\">\u00c0 noite, os jovens concentraram-se no Est\u00e1dio Ol\u00edmpico de Roma, onde participaram de momentos de ora\u00e7\u00e3o, reflex\u00e3o e testemunhos.\u00a0<\/p>\n<p style=\"text-align: justify\">\u00a0<\/p>\n<p style=\"text-align: justify\">\u00a0<\/p>\n<p style=\"text-align: justify\">CNBB com informa\u00e7\u00f5es da R\u00e1dio Vaticano e fotos ANSA.\u00a0<\/p>\n","protected":false},"excerpt":{"rendered":"<p>No s\u00e1bado, 23, o papa Francisco atendeu a confiss\u00e3o de 16 jovens \u00a0<\/p>\n","protected":false},"author":83,"featured_media":996,"comment_status":"open","ping_status":"open","sticky":false,"template":"","format":"standard","meta":{"site-sidebar-layout":"default","site-content-layout":"default","ast-global-header-display":"","ast-banner-title-visibility":"","ast-main-header-display":"","ast-hfb-above-header-display":"","ast-hfb-below-header-display":"","ast-hfb-mobile-header-display":"","site-post-title":"","ast-breadcrumbs-content":"","ast-featured-img":"","footer-sml-layout":"","theme-transparent-header-meta":"","adv-header-id-meta":"","stick-header-meta":"","header-above-stick-meta":"","header-main-stick-meta":"","header-below-stick-meta":""},"categories":[784],"tags":[],"acf":[],"_links":{"self":[{"href":"https:\/\/www.cnbb.org.br\/cnbb-app\/wp\/v2\/posts\/28919"}],"collection":[{"href":"https:\/\/www.cnbb.org.br\/cnbb-app\/wp\/v2\/posts"}],"about":[{"href":"https:\/\/www.cnbb.org.br\/cnbb-app\/wp\/v2\/types\/post"}],"author":[{"embeddable":true,"href":"https:\/\/www.cnbb.org.br\/cnbb-app\/wp\/v2\/users\/83"}],"replies":[{"embeddable":true,"href":"https:\/\/www.cnbb.org.br\/cnbb-app\/wp\/v2\/comments?post=28919"}],"version-history":[{"count":0,"href":"https:\/\/www.cnbb.org.br\/cnbb-app\/wp\/v2\/posts\/28919\/revisions"}],"wp:featuredmedia":[{"embeddable":true,"href":"https:\/\/www.cnbb.org.br\/cnbb-app\/wp\/v2\/media\/996"}],"wp:attachment":[{"href":"https:\/\/www.cnbb.org.br\/cnbb-app\/wp\/v2\/media?parent=28919"}],"wp:term":[{"taxonomy":"category","embeddable":true,"href":"https:\/\/www.cnbb.org.br\/cnbb-app\/wp\/v2\/categories?post=28919"},{"taxonomy":"post_tag","embeddable":true,"href":"https:\/\/www.cnbb.org.br\/cnbb-app\/wp\/v2\/tags?post=28919"}],"curies":[{"name":"wp","href":"https:\/\/api.w.org\/{rel}","templated":true}]}}