{"id":28920,"date":"2016-04-25T00:00:00","date_gmt":"2016-04-25T03:00:00","guid":{"rendered":"https:\/\/www.cnbb.org.br\/diocese-de-santarem-realiza-16-semana-da-comunicacao\/"},"modified":"2016-04-25T00:00:00","modified_gmt":"2016-04-25T03:00:00","slug":"diocese-de-santarem-realiza-16-semana-da-comunicacao","status":"publish","type":"post","link":"https:\/\/www.cnbb.org.br\/diocese-de-santarem-realiza-16-semana-da-comunicacao\/","title":{"rendered":"Diocese de Santar\u00e9m realiza 16\u00aa Semana da Comunica\u00e7\u00e3o"},"content":{"rendered":"<p>Na programa\u00e7\u00e3o constam celebra\u00e7\u00f5es, apresenta\u00e7\u00f5es culturais, caravana e confer\u00eancia<\/p>\n<p><!--more--><\/p>\n<p style=\"text-align: justify\">Com o tema \u201cComunica\u00e7\u00e3o e miseric\u00f3rdia: um encontro fecundo\u201d, a Pastoral da Comunica\u00e7\u00e3o da diocese de Santar\u00e9m, no Par\u00e1, realizar\u00e1\u00a0a 16\u00aa Semana Diocesana da Comunica\u00e7\u00e3o. Destinado a acad\u00eamicos e profissionais das \u00e1reas da comunica\u00e7\u00e3o e da educa\u00e7\u00e3o, o evento\u00a0ocorrer\u00e1 no per\u00edodo de 30 de abril a 8 de maio e pretende refletir sobre a comunica\u00e7\u00e3o em diversos setores da sociedade, promovendo a vida, a justi\u00e7a e a paz.<\/p>\n<p style=\"text-align: justify\">Com apresenta\u00e7\u00f5es culturais, celebra\u00e7\u00f5es e relatos de experi\u00eancias c\u00edveis e religiosas, a partir de experi\u00eancias \u201ceducomunicativas\u201d, a abertura oficial da Semana de Comunica\u00e7\u00e3o\u00a0acontecer\u00e1 no Col\u00e9gio Santa Clara. No mesmo dia, haver\u00e1 a Caminhada da Comunica\u00e7\u00e3o e da Miseric\u00f3rdia em dire\u00e7\u00e3o \u00e0 Igreja Matriz de Nossa Senhora da Concei\u00e7\u00e3o para celebrar a entrada na Porta Santa.<\/p>\n<p style=\"text-align: justify\">Dentro das atividades, a II Caravana das \u00c1guas tamb\u00e9m \u00e9 um momento importante na programa\u00e7\u00e3o. Em parceria com o Setor de Pastoral Social Diocesana, a caravana, ocorrer\u00e1 na manh\u00e3 de domingo, 1\u00ba de maio, com um passeio de barco, que come\u00e7ar\u00e1 no Terminal Tur\u00edstico de Santar\u00e9m e vai at\u00e9 o Lago do Maic\u00e1. Participar\u00e3o entidades que lutam em defesa do meio ambiente.<\/p>\n<p style=\"text-align: justify\">Outra novidade do evento \u00e9 a II Confer\u00eancia Amaz\u00f4nica de Educomunica\u00e7\u00e3o. Com o tema \u201cRedes Sociais para promo\u00e7\u00e3o do bem comum em uma perspectiva Educomunicativa\u201d, o professor F\u00e1bio Fonseca de Castro, ministrar\u00e1 uma palestra sobre os desafios da educomunica\u00e7\u00e3o na promo\u00e7\u00e3o da cidadania e participa\u00e7\u00e3o nos meios de comunica\u00e7\u00e3o social.<\/p>\n<h4 style=\"text-align: justify\">Dia Mundial das Comunica\u00e7\u00f5es Sociais<\/h4>\n<p style=\"text-align: justify\">O tema para a 16\u00aa Semana Diocesana da Comunica\u00e7\u00e3o \u00e9 o mesmo da mensagem do papa Francisco para o 50\u00ba Dia Mundial das Comunica\u00e7\u00f5es Sociais: \u201cComunica\u00e7\u00e3o e miseric\u00f3rdia: um encontro fecundo\u201d, que este ano, ser\u00e1 celebrado no dia 08 de maio.<\/p>\n<h4 style=\"text-align: justify\">Com informa\u00e7\u00f5es e foto da diocese de Santar\u00e9m<\/h4>\n","protected":false},"excerpt":{"rendered":"<p>Na programa\u00e7\u00e3o constam celebra\u00e7\u00f5es, apresenta\u00e7\u00f5es culturais, caravana e confer\u00eancia<\/p>\n","protected":false},"author":83,"featured_media":28921,"comment_status":"open","ping_status":"open","sticky":false,"template":"","format":"standard","meta":{"site-sidebar-layout":"default","site-content-layout":"default","ast-global-header-display":"","ast-banner-title-visibility":"","ast-main-header-display":"","ast-hfb-above-header-display":"","ast-hfb-below-header-display":"","ast-hfb-mobile-header-display":"","site-post-title":"","ast-breadcrumbs-content":"","ast-featured-img":"","footer-sml-layout":"","theme-transparent-header-meta":"","adv-header-id-meta":"","stick-header-meta":"","header-above-stick-meta":"","header-main-stick-meta":"","header-below-stick-meta":""},"categories":[784],"tags":[],"acf":[],"_links":{"self":[{"href":"https:\/\/www.cnbb.org.br\/cnbb-app\/wp\/v2\/posts\/28920"}],"collection":[{"href":"https:\/\/www.cnbb.org.br\/cnbb-app\/wp\/v2\/posts"}],"about":[{"href":"https:\/\/www.cnbb.org.br\/cnbb-app\/wp\/v2\/types\/post"}],"author":[{"embeddable":true,"href":"https:\/\/www.cnbb.org.br\/cnbb-app\/wp\/v2\/users\/83"}],"replies":[{"embeddable":true,"href":"https:\/\/www.cnbb.org.br\/cnbb-app\/wp\/v2\/comments?post=28920"}],"version-history":[{"count":0,"href":"https:\/\/www.cnbb.org.br\/cnbb-app\/wp\/v2\/posts\/28920\/revisions"}],"wp:featuredmedia":[{"embeddable":true,"href":"https:\/\/www.cnbb.org.br\/cnbb-app\/wp\/v2\/media\/28921"}],"wp:attachment":[{"href":"https:\/\/www.cnbb.org.br\/cnbb-app\/wp\/v2\/media?parent=28920"}],"wp:term":[{"taxonomy":"category","embeddable":true,"href":"https:\/\/www.cnbb.org.br\/cnbb-app\/wp\/v2\/categories?post=28920"},{"taxonomy":"post_tag","embeddable":true,"href":"https:\/\/www.cnbb.org.br\/cnbb-app\/wp\/v2\/tags?post=28920"}],"curies":[{"name":"wp","href":"https:\/\/api.w.org\/{rel}","templated":true}]}}