{"id":28930,"date":"2016-05-03T00:00:00","date_gmt":"2016-05-03T03:00:00","guid":{"rendered":"https:\/\/www.cnbb.org.br\/diocese-de-jundiai-realiza-2-retiro-missionario\/"},"modified":"2016-05-03T00:00:00","modified_gmt":"2016-05-03T03:00:00","slug":"diocese-de-jundiai-realiza-2-retiro-missionario","status":"publish","type":"post","link":"https:\/\/www.cnbb.org.br\/diocese-de-jundiai-realiza-2-retiro-missionario\/","title":{"rendered":"Diocese de Jundia\u00ed realiza 2\u00ba Retiro das Santas Miss\u00f5es Populares"},"content":{"rendered":"<p>Dom Vicente Costa presidiu missa durante o evento<\/p>\n<p><!--more--><\/p>\n<p>&nbsp;<\/p>\n<p style=\"text-align: justify\">Entre os dias 29 de abril e 1\u00ba de maio, a diocese de Jundia\u00ed (SP) promoveu\u00a0o 2\u00ba Retiro das Santas Miss\u00f5es Populares, no Centro de Evangeliza\u00e7\u00e3o Arca da Alian\u00e7a, em V\u00e1rzea Paulista. O evento reuniu mais de duas mil pessoas das 66 par\u00f3quias da diocese.<\/p>\n<p style=\"text-align: justify\">O bispo diocesano, dom Vicente Costa, presidiu missa, que contou com a participa\u00e7\u00e3o de padres, di\u00e1conos, religiosos e seminaristas.<\/p>\n<p style=\"text-align: justify\">Com assessoria do padre Lu\u00eds Mosconi, sacerdote que trabalha com miss\u00f5es no Brasil h\u00e1 25 anos, o retiro teve como palavra-chave \u201cConvic\u00e7\u00e3o\u201d. O momento contou com partilhas, celebra\u00e7\u00f5es e conscientiza\u00e7\u00e3o do trabalho mission\u00e1rio.<\/p>\n<h4 style=\"text-align: justify\">Jubileu da diocese<\/h4>\n<p style=\"text-align: justify\">O primeiro retiro das Santas Miss\u00f5es Populares aconteceu na Comunidade Santo Ant\u00f4nio, na cidade de Itupeva, em junho de 2015. Este ano, foi realizado o segundo retiro e em 2017, em comemora\u00e7\u00e3o aos 50 anos da diocese de Jundia\u00ed, as Santas Missas Populares ser\u00e3o realizadas na pr\u00f3pria diocese.<\/p>\n<p style=\"text-align: justify\">\n<h4 style=\"text-align: justify\">Com informa\u00e7\u00f5es e foto da diocese de Jundia\u00ed<\/h4>\n<p>&nbsp;<\/p>\n","protected":false},"excerpt":{"rendered":"<p>Dom Vicente Costa presidiu missa durante o evento<\/p>\n","protected":false},"author":83,"featured_media":28931,"comment_status":"open","ping_status":"open","sticky":false,"template":"","format":"standard","meta":{"site-sidebar-layout":"default","site-content-layout":"default","ast-global-header-display":"","ast-banner-title-visibility":"","ast-main-header-display":"","ast-hfb-above-header-display":"","ast-hfb-below-header-display":"","ast-hfb-mobile-header-display":"","site-post-title":"","ast-breadcrumbs-content":"","ast-featured-img":"","footer-sml-layout":"","theme-transparent-header-meta":"","adv-header-id-meta":"","stick-header-meta":"","header-above-stick-meta":"","header-main-stick-meta":"","header-below-stick-meta":""},"categories":[784],"tags":[],"acf":[],"_links":{"self":[{"href":"https:\/\/www.cnbb.org.br\/cnbb-app\/wp\/v2\/posts\/28930"}],"collection":[{"href":"https:\/\/www.cnbb.org.br\/cnbb-app\/wp\/v2\/posts"}],"about":[{"href":"https:\/\/www.cnbb.org.br\/cnbb-app\/wp\/v2\/types\/post"}],"author":[{"embeddable":true,"href":"https:\/\/www.cnbb.org.br\/cnbb-app\/wp\/v2\/users\/83"}],"replies":[{"embeddable":true,"href":"https:\/\/www.cnbb.org.br\/cnbb-app\/wp\/v2\/comments?post=28930"}],"version-history":[{"count":0,"href":"https:\/\/www.cnbb.org.br\/cnbb-app\/wp\/v2\/posts\/28930\/revisions"}],"wp:featuredmedia":[{"embeddable":true,"href":"https:\/\/www.cnbb.org.br\/cnbb-app\/wp\/v2\/media\/28931"}],"wp:attachment":[{"href":"https:\/\/www.cnbb.org.br\/cnbb-app\/wp\/v2\/media?parent=28930"}],"wp:term":[{"taxonomy":"category","embeddable":true,"href":"https:\/\/www.cnbb.org.br\/cnbb-app\/wp\/v2\/categories?post=28930"},{"taxonomy":"post_tag","embeddable":true,"href":"https:\/\/www.cnbb.org.br\/cnbb-app\/wp\/v2\/tags?post=28930"}],"curies":[{"name":"wp","href":"https:\/\/api.w.org\/{rel}","templated":true}]}}