{"id":28939,"date":"2016-05-13T00:00:00","date_gmt":"2016-05-13T03:00:00","guid":{"rendered":"https:\/\/www.cnbb.org.br\/papa-exorta-fundacao-pontificia-a-combater-pobreza-e-desemprego-juvenil\/"},"modified":"2016-05-13T00:00:00","modified_gmt":"2016-05-13T03:00:00","slug":"papa-exorta-fundacao-pontificia-a-combater-pobreza-e-desemprego-juvenil","status":"publish","type":"post","link":"https:\/\/www.cnbb.org.br\/papa-exorta-fundacao-pontificia-a-combater-pobreza-e-desemprego-juvenil\/","title":{"rendered":"Papa exorta Funda\u00e7\u00e3o &#8220;Centesimus Annus&#8221; a combater pobreza e desemprego juvenil"},"content":{"rendered":"<p style=\"margin: 0cm 0cm 0.0001pt;text-align: justify;line-height: 18pt;vertical-align: baseline\">\u00a0<span style=\"font-size: 12.16px;line-height: 18pt\">Evento aborda o tema &#8220;A iniciativa empresarial na luta contra a pobreza&#8221;<\/span><\/p>\n<p>  <!--more-->  <\/p>\n<p style=\"text-align: justify\">O papa Francisco recebeu nesta sexta-feira, 13, cerca de 300 participantes da Confer\u00eancia Internacional da Funda\u00e7\u00e3o \u201cCentesimus Annus \u2013 pro Pontifice\u201d. O tema do encontro, que seguir\u00e1 at\u00e9 amanh\u00e3, 14, \u00e9 \u201cA iniciativa empresarial na luta contra a pobreza. Emerg\u00eancia e refugiados, o nosso desafio\u201d.<\/p>\n<p class=\"MsoNormal\" style=\"text-align: justify\">Em seu discurso, Francisco partiu do tema abordado pela Confer\u00eancia em rela\u00e7\u00e3o \u00e0 contribui\u00e7\u00e3o da comunidade internacional na luta contra a pobreza e fez refer\u00eancia particular\u00a0\u00e0\u00a0atual crise dos refugiados. \u201cA crise dos refugiados, cujas propor\u00e7\u00f5es est\u00e3o aumentando dia a dia, \u00e9 uma daquelas \u00e0 qual me sinto bastante pr\u00f3ximo. Na minha visita \u00e0 Ilha de Lesbos fui testemunha das tristes experi\u00eancias de sofrimento humano, sobretudo das fam\u00edlias e das crian\u00e7as. Por isso, a comunidade internacional \u00e9 convidada a dar respostas pol\u00edticas, sociais e econ\u00f4micas a tais dramas que ultrapassam os confins nacionais e continentais\u201d, disse o papa.<\/p>\n<p class=\"MsoNormal\" style=\"text-align: justify\">O papa frisou ainda que a luta contra a pobreza n\u00e3o \u00e9 somente um problema econ\u00f4mico, mas sobretudo moral, que apela a uma solidariedade global e ao desenvolvimento das popula\u00e7\u00f5es. Para ele, a atividade econ\u00f4mica deve estar a servi\u00e7o da pessoa humana e do bem comum. \u201cUma economia de exclus\u00e3o e de iniquidade levou a um grande n\u00famero de pessoas deserdadas e descartadas como improdutivas e in\u00fateis. Seus efeitos s\u00e3o percebidos at\u00e9 nas sociedades mais desenvolvidas, onde o crescimento da pobreza e da decad\u00eancia social representam uma s\u00e9rie de amea\u00e7as \u00e0s fam\u00edlias e aos jovens\u201d, enfatizou.<\/p>\n<p class=\"MsoNormal\" style=\"text-align: justify\">Ao finalizar, o papa tratou sobre o \u00edndice de desemprego juvenil, afirmando que o mesmo deve ser enfrentado com urg\u00eancia e como uma verdadeira epidemia social, e expressou a esperan\u00e7a de que a Confer\u00eancia possa contribuir para gerar novos modelos de progresso econ\u00f4mico orientados para o bem comum,\u00a0a\u00a0inclus\u00e3o e o desenvolvimento integral. \u201cA sua voca\u00e7\u00e3o \u00e9 servir a dignidade humana, a constru\u00e7\u00e3o de um mundo mais solid\u00e1rio e a civiliza\u00e7\u00e3o do amor, que abra\u00e7a a justi\u00e7a e a paz\u201d.<\/p>\n<h4 class=\"MsoNormal\" style=\"text-align: justify\">Com informa\u00e7\u00f5es da R\u00e1dio Vaticano<\/h4>\n","protected":false},"excerpt":{"rendered":"<p>\u00a0Evento aborda o tema &#8220;A iniciativa empresarial na luta contra a pobreza&#8221;<\/p>\n","protected":false},"author":83,"featured_media":28940,"comment_status":"open","ping_status":"open","sticky":false,"template":"","format":"standard","meta":{"site-sidebar-layout":"default","site-content-layout":"default","ast-global-header-display":"","ast-banner-title-visibility":"","ast-main-header-display":"","ast-hfb-above-header-display":"","ast-hfb-below-header-display":"","ast-hfb-mobile-header-display":"","site-post-title":"","ast-breadcrumbs-content":"","ast-featured-img":"","footer-sml-layout":"","theme-transparent-header-meta":"","adv-header-id-meta":"","stick-header-meta":"","header-above-stick-meta":"","header-main-stick-meta":"","header-below-stick-meta":""},"categories":[784],"tags":[],"acf":[],"_links":{"self":[{"href":"https:\/\/www.cnbb.org.br\/cnbb-app\/wp\/v2\/posts\/28939"}],"collection":[{"href":"https:\/\/www.cnbb.org.br\/cnbb-app\/wp\/v2\/posts"}],"about":[{"href":"https:\/\/www.cnbb.org.br\/cnbb-app\/wp\/v2\/types\/post"}],"author":[{"embeddable":true,"href":"https:\/\/www.cnbb.org.br\/cnbb-app\/wp\/v2\/users\/83"}],"replies":[{"embeddable":true,"href":"https:\/\/www.cnbb.org.br\/cnbb-app\/wp\/v2\/comments?post=28939"}],"version-history":[{"count":0,"href":"https:\/\/www.cnbb.org.br\/cnbb-app\/wp\/v2\/posts\/28939\/revisions"}],"wp:featuredmedia":[{"embeddable":true,"href":"https:\/\/www.cnbb.org.br\/cnbb-app\/wp\/v2\/media\/28940"}],"wp:attachment":[{"href":"https:\/\/www.cnbb.org.br\/cnbb-app\/wp\/v2\/media?parent=28939"}],"wp:term":[{"taxonomy":"category","embeddable":true,"href":"https:\/\/www.cnbb.org.br\/cnbb-app\/wp\/v2\/categories?post=28939"},{"taxonomy":"post_tag","embeddable":true,"href":"https:\/\/www.cnbb.org.br\/cnbb-app\/wp\/v2\/tags?post=28939"}],"curies":[{"name":"wp","href":"https:\/\/api.w.org\/{rel}","templated":true}]}}