{"id":28952,"date":"2016-05-27T00:00:00","date_gmt":"2016-05-27T03:00:00","guid":{"rendered":"https:\/\/www.cnbb.org.br\/papa-francisco-lamenta-morte-do-cardeal-capovilla\/"},"modified":"2016-05-27T00:00:00","modified_gmt":"2016-05-27T03:00:00","slug":"papa-francisco-lamenta-morte-do-cardeal-capovilla","status":"publish","type":"post","link":"https:\/\/www.cnbb.org.br\/papa-francisco-lamenta-morte-do-cardeal-capovilla\/","title":{"rendered":"Papa Francisco lamenta morte do cardeal Capovilla"},"content":{"rendered":"<p style=\"text-align: justify\">Dom\u00a0<span style=\"font-size: 12.16px;line-height: 15.808px\">Loris Francesco foi secret\u00e1rio particular de S\u00e3o Jo\u00e3o\u00a0XXIII<\/span><\/p>\n<p>  <!--more-->  <\/p>\n<p style=\"text-align: justify\">\u201cExpresso os meus sentimentos a toda comunidade diocesana \u2013 da qual o cardeal se sentia parte viva \u2013, \u00e0s religiosas que o assistiram, aos parentes, aos amigos e admiradores do purpurado\u201d, expressou o papa Francisco em telegrama enviado \u00e0 diocese de Bergamo, norte da It\u00e1lia.<\/p>\n<p style=\"text-align: justify\">Cardeal Capovilla tinha\u00a0100 anos. Nasceu em outubro de 1915, em P\u00e1dua, norte da It\u00e1lia. Durante dez anos foi secret\u00e1rio particular do papa S\u00e3o Jo\u00e3o XXIII. No ano de 1988, mudou-se para Sotto il Monte, terra natal do papa Jo\u00e3o XXIII.\u00a0<\/p>\n<p style=\"text-align: justify\">O papa Francisco criou-o cardeal em fevereiro de 2014. Por motivo de idade avan\u00e7ada, dom Loris Francesco Capovilla n\u00e3o participou no consist\u00f3rio na Bas\u00edlica de S\u00e3o Pedro.\u00a0<\/p>\n<p style=\"text-align: justify\">\u201cPenso com afeto neste caro irm\u00e3o que, na sua longa e f\u00e9rtil exist\u00eancia, testemunhou com alegria o Evangelho e serviu docilmente \u00e0\u00a0Igreja, no in\u00edcio na Diocese de Veneza e, depois, com primoroso afeto junto do Papa S\u00e3o Jo\u00e3o XXIII, de quem\u00a0cuja mem\u00f3ria foi zeloso guardi\u00e3o e prof\u00edcuo interprete\u201d, disse o papa, no telegrama.<\/p>\n<p style=\"text-align: justify\">Francisco lembrou, ainda, que o cardeal, por meio do seu minist\u00e9rio episcopal voltado ao bem dos sacerdotes e fi\u00e9is, foi \u201cum sinal de uma s\u00f3lida fidelidade\u201d \u00e0 b\u00fassola do Conc\u00edlio Vaticano II.<\/p>\n<p style=\"text-align: justify\">\u201cElevo ora\u00e7\u00f5es ao Senhor para que, por intercess\u00e3o de Nossa Senhora e de S\u00e3o Marcos Evangelista, acolha este seu fiel servidor na alegria e na paz eterna\u201d, pediu.<\/p>\n<p style=\"text-align: justify\">Com a morte do cardeal Capovilla, o Col\u00e9gio Cardinal\u00edcio passa a ter 213 membros, 114 eleitores e 99 n\u00e3o eleitores (com mais de 80 anos).<\/p>\n<h5 style=\"text-align: justify\">CNBB com informa\u00e7\u00f5es e foto da R\u00e1dio Vaticano.\u00a0<\/h5>\n<p style=\"text-align: justify\">\u00a0<\/p>\n<p style=\"text-align: justify\">\u00a0<\/p>\n","protected":false},"excerpt":{"rendered":"<p>Dom\u00a0Loris Francesco foi secret\u00e1rio particular de S\u00e3o Jo\u00e3o\u00a0XXIII<\/p>\n","protected":false},"author":83,"featured_media":28953,"comment_status":"open","ping_status":"open","sticky":false,"template":"","format":"standard","meta":{"site-sidebar-layout":"default","site-content-layout":"default","ast-global-header-display":"","ast-banner-title-visibility":"","ast-main-header-display":"","ast-hfb-above-header-display":"","ast-hfb-below-header-display":"","ast-hfb-mobile-header-display":"","site-post-title":"","ast-breadcrumbs-content":"","ast-featured-img":"","footer-sml-layout":"","theme-transparent-header-meta":"","adv-header-id-meta":"","stick-header-meta":"","header-above-stick-meta":"","header-main-stick-meta":"","header-below-stick-meta":""},"categories":[784],"tags":[],"acf":[],"_links":{"self":[{"href":"https:\/\/www.cnbb.org.br\/cnbb-app\/wp\/v2\/posts\/28952"}],"collection":[{"href":"https:\/\/www.cnbb.org.br\/cnbb-app\/wp\/v2\/posts"}],"about":[{"href":"https:\/\/www.cnbb.org.br\/cnbb-app\/wp\/v2\/types\/post"}],"author":[{"embeddable":true,"href":"https:\/\/www.cnbb.org.br\/cnbb-app\/wp\/v2\/users\/83"}],"replies":[{"embeddable":true,"href":"https:\/\/www.cnbb.org.br\/cnbb-app\/wp\/v2\/comments?post=28952"}],"version-history":[{"count":0,"href":"https:\/\/www.cnbb.org.br\/cnbb-app\/wp\/v2\/posts\/28952\/revisions"}],"wp:featuredmedia":[{"embeddable":true,"href":"https:\/\/www.cnbb.org.br\/cnbb-app\/wp\/v2\/media\/28953"}],"wp:attachment":[{"href":"https:\/\/www.cnbb.org.br\/cnbb-app\/wp\/v2\/media?parent=28952"}],"wp:term":[{"taxonomy":"category","embeddable":true,"href":"https:\/\/www.cnbb.org.br\/cnbb-app\/wp\/v2\/categories?post=28952"},{"taxonomy":"post_tag","embeddable":true,"href":"https:\/\/www.cnbb.org.br\/cnbb-app\/wp\/v2\/tags?post=28952"}],"curies":[{"name":"wp","href":"https:\/\/api.w.org\/{rel}","templated":true}]}}