{"id":28981,"date":"2016-09-03T00:00:00","date_gmt":"2016-09-03T03:00:00","guid":{"rendered":"https:\/\/www.cnbb.org.br\/papa-abencoa-imagem-de-nossa-senhora-aparecida-nos-jardins-do-vaticano\/"},"modified":"2016-09-03T00:00:00","modified_gmt":"2016-09-03T03:00:00","slug":"papa-abencoa-imagem-de-nossa-senhora-aparecida-nos-jardins-do-vaticano","status":"publish","type":"post","link":"https:\/\/www.cnbb.org.br\/papa-abencoa-imagem-de-nossa-senhora-aparecida-nos-jardins-do-vaticano\/","title":{"rendered":"Papa aben\u00e7oa imagem de Nossa Senhora Aparecida, nos Jardins do Vaticano"},"content":{"rendered":"<p style=\"font-size: 12.16px;line-height: 15.808px\">B\u00ean\u00e7\u00e3o faz parte das comemora\u00e7\u00f5es dos 300 anos do encontro da imagem no Rio Para\u00edba do Sul<\/p>\n<p><!--more--><\/p>\n<p style=\"font-size: 12.16px;line-height: 15.808px;text-align: justify\">\u201cEstou contente com a presen\u00e7a da imagem de Nossa Senhora aqui nos Jardins. Em 2013, havia prometido retornar, no pr\u00f3ximo ano, a Aparecida. N\u00e3o sei se ser\u00e1 poss\u00edvel, mas pelo menos estou mais pr\u00f3ximo dela aqui. Convido-lhes a rezar para que ela continue a proteger todo o Brasil, todo o povo brasileiro, neste momento triste. Que ela proteja os pobres, os descartados, os idos<img decoding=\"async\" loading=\"lazy\" class=\" alignright size-full wp-image-30434\" style=\"float: right\" src=\"https:\/\/www.cnbb.org.br\/wp-content\/uploads\/2020\/03\/entronizao3.jpg\" alt=\"\" width=\"290\" height=\"193\" \/>os abandonados, os meninos de rua. Que ela salve o seu povo, com a justi\u00e7a social e o amor de seu Filho, Jesus Cristo\u201d, disse o papa Francisco ao aben\u00e7oar, na manh\u00e3 deste s\u00e1bado, 3, nos Jardins do Vaticano, o monumento em homenagem \u00e0 Nossa Senhora Aparecida, padroeira do Brasil.<\/p>\n<p style=\"font-size: 12.16px;line-height: 15.808px;text-align: justify\">A cerim\u00f4nia foi presidida pelo arcebispo de Aparecida (SP), cardeal Raymundo Damasceno Assis. Estiveram presentes\u00a0bispos brasileiros, entre eles o arcebispo de Salvador (BA) e vice-presidente da Confer\u00eancia Nacional dos Bispos do Brasil, dom Murilo Krieger, que representou a entidade; o embaixador do Brasil junto \u00e0 Santa S\u00e9, Souza Pinto; sacerdotes, religiosas e cerca de duzentos peregrinos brasileiros.<\/p>\n<p style=\"text-align: justify\">Na ocasi\u00e3o, o papa Francisco recordou que a imagem foi encontrada por pobres trabalhadores e desejou que &#8220;hoje ela seja encontrada, de modo especial, por todos aqueles\u00a0que precisam de trabalho, educa\u00e7\u00e3o e por aqueles que est\u00e3o privados da dignidade&#8221;.<\/p>\n<p style=\"font-size: 12.16px;line-height: 15.808px\">Ao final, o papa convidou os presentes a rezar a Ave Maria e a cantar uma m\u00fasica dedicada \u00e0\u00a0Nossa Senhora.A cerim\u00f4nia\u00a0fez\u00a0parte das comemora\u00e7\u00f5es dos 300 anos do encontro da imagem de Nossa Senhora Aparecida no Rio Para\u00edba do Sul.<\/p>\n<h3 style=\"text-align: justify\">Obra<\/h3>\n<p style=\"text-align: justify\">A escultura com a imagem\u00a0de Nossa Senhora Aparecida \u00e9 uma obra do artista sacro Cl\u00e1udio Pastro. A base \u00e9\u00a0\u00e9 composta por uma canoa e uma rede vazada, que recordam o rio e os pescadores.\u00a0O monumento tem\u00a0tr\u00eas metros de altura e tr\u00eas de largura.<\/p>\n<p style=\"font-size: 12.16px;line-height: 15.808px\">\u00a0<img decoding=\"async\" loading=\"lazy\" class=\" size-full wp-image-30435\" style=\"margin-left: auto;margin-right: auto\" src=\"https:\/\/www.cnbb.org.br\/wp-content\/uploads\/2020\/03\/entronizao.jpg\" alt=\"\" width=\"632\" height=\"421\" \/><\/p>\n<h5 style=\"text-align: justify\">Com informa\u00e7\u00f5es da R\u00e1dio Vaticano<\/h5>\n<p>&nbsp;<\/p>\n<p>&nbsp;<\/p>\n","protected":false},"excerpt":{"rendered":"<p>B\u00ean\u00e7\u00e3o faz parte das comemora\u00e7\u00f5es dos 300 anos do encontro da imagem no Rio Para\u00edba do Sul<\/p>\n","protected":false},"author":83,"featured_media":28982,"comment_status":"open","ping_status":"open","sticky":false,"template":"","format":"standard","meta":{"site-sidebar-layout":"default","site-content-layout":"default","ast-global-header-display":"","ast-banner-title-visibility":"","ast-main-header-display":"","ast-hfb-above-header-display":"","ast-hfb-below-header-display":"","ast-hfb-mobile-header-display":"","site-post-title":"","ast-breadcrumbs-content":"","ast-featured-img":"","footer-sml-layout":"","theme-transparent-header-meta":"","adv-header-id-meta":"","stick-header-meta":"","header-above-stick-meta":"","header-main-stick-meta":"","header-below-stick-meta":""},"categories":[784],"tags":[],"acf":[],"_links":{"self":[{"href":"https:\/\/www.cnbb.org.br\/cnbb-app\/wp\/v2\/posts\/28981"}],"collection":[{"href":"https:\/\/www.cnbb.org.br\/cnbb-app\/wp\/v2\/posts"}],"about":[{"href":"https:\/\/www.cnbb.org.br\/cnbb-app\/wp\/v2\/types\/post"}],"author":[{"embeddable":true,"href":"https:\/\/www.cnbb.org.br\/cnbb-app\/wp\/v2\/users\/83"}],"replies":[{"embeddable":true,"href":"https:\/\/www.cnbb.org.br\/cnbb-app\/wp\/v2\/comments?post=28981"}],"version-history":[{"count":0,"href":"https:\/\/www.cnbb.org.br\/cnbb-app\/wp\/v2\/posts\/28981\/revisions"}],"wp:featuredmedia":[{"embeddable":true,"href":"https:\/\/www.cnbb.org.br\/cnbb-app\/wp\/v2\/media\/28982"}],"wp:attachment":[{"href":"https:\/\/www.cnbb.org.br\/cnbb-app\/wp\/v2\/media?parent=28981"}],"wp:term":[{"taxonomy":"category","embeddable":true,"href":"https:\/\/www.cnbb.org.br\/cnbb-app\/wp\/v2\/categories?post=28981"},{"taxonomy":"post_tag","embeddable":true,"href":"https:\/\/www.cnbb.org.br\/cnbb-app\/wp\/v2\/tags?post=28981"}],"curies":[{"name":"wp","href":"https:\/\/api.w.org\/{rel}","templated":true}]}}