{"id":28985,"date":"2016-10-21T00:00:00","date_gmt":"2016-10-21T02:00:00","guid":{"rendered":"https:\/\/www.cnbb.org.br\/papa-nao-vira-ao-brasil-em-2017-diz-presidencia-da-cnbb\/"},"modified":"2016-10-21T00:00:00","modified_gmt":"2016-10-21T02:00:00","slug":"papa-nao-vira-ao-brasil-em-2017-diz-presidencia-da-cnbb","status":"publish","type":"post","link":"https:\/\/www.cnbb.org.br\/papa-nao-vira-ao-brasil-em-2017-diz-presidencia-da-cnbb\/","title":{"rendered":"Presid\u00eancia da CNBB \u00e9 recebida pelo papa Francisco"},"content":{"rendered":"<p style=\"font-size: 12.16px\">Pont\u00edfice informou que n\u00e3o poder\u00e1 visitar o Brasil em 2017<\/p>\n<p><!--more--><\/p>\n<p style=\"text-align: justify\">A Presid\u00eancia da Confer\u00eancia Nacional dos Bispos do Brasil\u00a0(CNBB)\u00a0foi recebida pelo papa Francisco,\u00a0nesta quinta-feira, 20, no Vaticano. Na ocasi\u00e3o, ao falarem sobre o Ano Nacional Mariano, aberto no \u00faltimo dia 12 de outubro em prepara\u00e7\u00e3o para as comemora\u00e7\u00f5es do tricenten\u00e1rio do encontro da imagem de Nossa Senhora Aparecida no rio Para\u00edba do Sul, os bispos foram informados que n\u00e3o ser\u00e1 poss\u00edvel a\u00a0visita papal na ocasi\u00e3o.\u00a0<span style=\"font-size: 12.16px\">A expectativa era que Francisco visitasse o Santu\u00e1rio Nacional de Aparecida durante as comemora\u00e7\u00f5es dos 300 anos do encontro da imagem.<\/span><\/p>\n<p style=\"text-align: justify\"><span style=\"font-size: 12.16px\">\u201cEle disse que ano que vem n\u00e3o poder\u00e1 ir a Aparecida porque teria que ir tamb\u00e9m na Argentina, Chile, Uruguai e n\u00e3o h\u00e1 condi\u00e7\u00f5es porque esse ano suspendeu as visitas dos bispos e ano que vem vai pegar as visitas que seriam deste ano e do pr\u00f3ximo\u201d, explicou o arcebispo de Salvador (BA)<\/span><span style=\"font-size: 12.16px\">\u00a0e\u00a0<\/span><span style=\"font-size: 12.16px\">o vice-presidente da CNBB, dom Murilo Krieger.<\/span><\/p>\n<p style=\"text-align: justify\">Durante o encontro, o pont\u00edfice expressou seu carinho e aten\u00e7\u00e3o pelos brasileiros. O\u00a0bispo auxiliar de Bras\u00edlia (DF) e secret\u00e1rio geral da CNBB, dom Leonardo Ulrich Steiner, demonstrou esperan\u00e7a de receber Francisco em breve. \u201cN\u00f3s esperamos que no futuro ele venha nos visitar mais uma vez. Isso, certamente acontecer\u00e1, porque existe sempre uma conjuntura de elementos, de momento e tamb\u00e9m a necessidade da presenta do santo padre em outros lugares do mundo\u201d, ressaltou.<\/p>\n<p style=\"text-align: justify\">\n<p style=\"font-size: 12.16px\"><img decoding=\"async\" loading=\"lazy\" class=\" alignright size-full wp-image-28698\" style=\"float: right\" src=\"https:\/\/www.cnbb.org.br\/wp-content\/uploads\/2020\/03\/Presidncia2015-2019-com-Papa-Francisco-site.jpg\" alt=\"\" width=\"600\" height=\"407\" \/><\/p>\n<h3 style=\"text-align: justify\">Cardinalato<\/h3>\n<p style=\"text-align: justify\">Na entrevista \u00e0 emissora\u00a0brasileira,\u00a0o arcebispo de Bras\u00edlia e presidente da CNBB, dom Sergio da Rocha, nomeado cardeal pelo papa Francisco no \u00faltimo dia 9,\u00a0disse que agradeceu ao papa a confian\u00e7a de escolh\u00ea-lo cardeal e compartilhou com a caminhada da Igreja no Brasil. \u201c\u00c9 um momento bonito, momento em que n\u00f3s partilhamos a caminhada da igreja no Brasil, particularmente, o trabalho realizado pela CNBB e sempre recebemos algumas orienta\u00e7\u00f5es do papa\u201d, contou.<\/p>\n<p style=\"text-align: justify\">Dom Sergio da Rocha volta a Roma no pr\u00f3ximo dia 19 de novembro para participar do encerramento do Jubileu Extraordin\u00e1rio\u00a0da Miseric\u00f3rdia e do consist\u00f3rio, quando se tornar\u00e1 oficialmente cardeal. \u201cEu tenho dito e reafirmei para ele que o fato dele ter nomeado um bispo brasileiro cardeal \u00e9 uma forma tamb\u00e9m dele expressar o valor, a import\u00e2ncia da Igreja no Brasil. A Igreja no Brasil tem a responsabilidade de oferecer a Igreja que est\u00e1 presente em todo mundo sua contribui\u00e7\u00e3o\u201d, sublinhou o presidente da CNBB.<\/p>\n<h5 style=\"text-align: justify\">Com informa\u00e7\u00f5es da TV Can\u00e7\u00e3o Nova<\/h5>\n","protected":false},"excerpt":{"rendered":"<p>Pont\u00edfice informou que n\u00e3o poder\u00e1 visitar o Brasil em 2017<\/p>\n","protected":false},"author":83,"featured_media":28986,"comment_status":"open","ping_status":"open","sticky":false,"template":"","format":"standard","meta":{"site-sidebar-layout":"default","site-content-layout":"default","ast-global-header-display":"","ast-banner-title-visibility":"","ast-main-header-display":"","ast-hfb-above-header-display":"","ast-hfb-below-header-display":"","ast-hfb-mobile-header-display":"","site-post-title":"","ast-breadcrumbs-content":"","ast-featured-img":"","footer-sml-layout":"","theme-transparent-header-meta":"","adv-header-id-meta":"","stick-header-meta":"","header-above-stick-meta":"","header-main-stick-meta":"","header-below-stick-meta":""},"categories":[784],"tags":[],"acf":[],"_links":{"self":[{"href":"https:\/\/www.cnbb.org.br\/cnbb-app\/wp\/v2\/posts\/28985"}],"collection":[{"href":"https:\/\/www.cnbb.org.br\/cnbb-app\/wp\/v2\/posts"}],"about":[{"href":"https:\/\/www.cnbb.org.br\/cnbb-app\/wp\/v2\/types\/post"}],"author":[{"embeddable":true,"href":"https:\/\/www.cnbb.org.br\/cnbb-app\/wp\/v2\/users\/83"}],"replies":[{"embeddable":true,"href":"https:\/\/www.cnbb.org.br\/cnbb-app\/wp\/v2\/comments?post=28985"}],"version-history":[{"count":0,"href":"https:\/\/www.cnbb.org.br\/cnbb-app\/wp\/v2\/posts\/28985\/revisions"}],"wp:featuredmedia":[{"embeddable":true,"href":"https:\/\/www.cnbb.org.br\/cnbb-app\/wp\/v2\/media\/28986"}],"wp:attachment":[{"href":"https:\/\/www.cnbb.org.br\/cnbb-app\/wp\/v2\/media?parent=28985"}],"wp:term":[{"taxonomy":"category","embeddable":true,"href":"https:\/\/www.cnbb.org.br\/cnbb-app\/wp\/v2\/categories?post=28985"},{"taxonomy":"post_tag","embeddable":true,"href":"https:\/\/www.cnbb.org.br\/cnbb-app\/wp\/v2\/tags?post=28985"}],"curies":[{"name":"wp","href":"https:\/\/api.w.org\/{rel}","templated":true}]}}