{"id":29011,"date":"2017-04-19T00:00:00","date_gmt":"2017-04-19T03:00:00","guid":{"rendered":"https:\/\/www.cnbb.org.br\/c\/"},"modified":"2017-04-19T00:00:00","modified_gmt":"2017-04-19T03:00:00","slug":"c","status":"publish","type":"post","link":"https:\/\/www.cnbb.org.br\/c\/","title":{"rendered":"Vaticano emite nota de esclarecimeno sobre carta do Papa a Michel Temer"},"content":{"rendered":"<p style=\"text-align: justify\">Trata-se de uma carta pessoal e de car\u00e1ter privado na qual Papa respondeu que seus compromissos n\u00e3o lhe permitiam vir ao Brasil<\/p>\n<p><!--more--><\/p>\n<p style=\"text-align: justify\">A sala de imprensa da Santa S\u00e9 emitiu nota de esclarecimento, nesta ter\u00e7a-feira (18), sobre a carta do papa Francisco enviada\u00a0ao presidente Michel Temer. Segundo o comunicado, a recusa do Pont\u00edfice\u00a0<span style=\"font-size: 12.16px\">para visitar o Brasil na ocasi\u00e3o da solenidade dos 300 anos do encontro da imagem de N.S Aparecida, em outubro deste ano, se deu por ter outros compromissos agendados. <\/span><\/p>\n<p style=\"text-align: justify\"><span style=\"font-size: 12.16px\">Em outubro do ano passado, a<\/span>\u00a0Presid\u00eancia da Confer\u00eancia Nacional dos Bispos do Brasil (CNBB) foi recebida pelo papa Francisco. Na ocasi\u00e3o, ao falarem sobre o Ano Nacional Mariano, o papa informou que n\u00e3o seria poss\u00edvel a visita papal ao Santu\u00e1rio Nacional de Aparecida durante as comemora\u00e7\u00f5es dos 300 anos do encontro da imagem.<\/p>\n<p style=\"text-align: justify\"><span style=\"font-size: 12.16px\">Confira o resumo da nota feito pela R\u00e1dio Vaticano:<\/span><\/p>\n<p style=\"text-align: justify\">&#8220;A Sala de Imprensa da Santa S\u00e9 confirma que &#8216;dias atr\u00e1s o Santo Padre enviou uma carta pessoal ao Presidente do Brasil. A missiva n\u00e3o foi publicada por ter car\u00e1ter privado&#8217;, afirma o comunicado.<\/p>\n<p style=\"text-align: justify\">A dire\u00e7\u00e3o da Sala de Imprensa vaticana acrescenta &#8216;tratar-se da resposta do Papa a uma carta do Sr. Michel Temer na qual o Chefe de Estado convidava o Pont\u00edfice a visitar o Brasil em 2017 por ocasi\u00e3o dos 300 anos de Aparecida. O Papa respondeu infelizmente n\u00e3o poder ir porque outros compromissos n\u00e3o lhe permitiam&#8217;.<\/p>\n<p style=\"text-align: justify\">&#8216;Ademais, como o pr\u00f3prio Presidente Temer em sua carta fazia refer\u00eancia a seu compromisso no combate aos problemas sociais do pa\u00eds, o Papa ressalta tal aspecto e encoraja a trabalhar pela promo\u00e7\u00e3o dos mais pobres&#8217;, l\u00ea-se no comunicado da Sala de Imprensa da Santa S\u00e9&#8221;.<\/p>\n<p style=\"text-align: justify\">\n","protected":false},"excerpt":{"rendered":"<p>Trata-se de uma carta pessoal e de car\u00e1ter privado na qual Papa respondeu que seus compromissos n\u00e3o lhe permitiam vir ao Brasil<\/p>\n","protected":false},"author":83,"featured_media":29012,"comment_status":"open","ping_status":"open","sticky":false,"template":"","format":"standard","meta":{"site-sidebar-layout":"default","site-content-layout":"default","ast-global-header-display":"","ast-banner-title-visibility":"","ast-main-header-display":"","ast-hfb-above-header-display":"","ast-hfb-below-header-display":"","ast-hfb-mobile-header-display":"","site-post-title":"","ast-breadcrumbs-content":"","ast-featured-img":"","footer-sml-layout":"","theme-transparent-header-meta":"","adv-header-id-meta":"","stick-header-meta":"","header-above-stick-meta":"","header-main-stick-meta":"","header-below-stick-meta":""},"categories":[784],"tags":[],"acf":[],"_links":{"self":[{"href":"https:\/\/www.cnbb.org.br\/cnbb-app\/wp\/v2\/posts\/29011"}],"collection":[{"href":"https:\/\/www.cnbb.org.br\/cnbb-app\/wp\/v2\/posts"}],"about":[{"href":"https:\/\/www.cnbb.org.br\/cnbb-app\/wp\/v2\/types\/post"}],"author":[{"embeddable":true,"href":"https:\/\/www.cnbb.org.br\/cnbb-app\/wp\/v2\/users\/83"}],"replies":[{"embeddable":true,"href":"https:\/\/www.cnbb.org.br\/cnbb-app\/wp\/v2\/comments?post=29011"}],"version-history":[{"count":0,"href":"https:\/\/www.cnbb.org.br\/cnbb-app\/wp\/v2\/posts\/29011\/revisions"}],"wp:featuredmedia":[{"embeddable":true,"href":"https:\/\/www.cnbb.org.br\/cnbb-app\/wp\/v2\/media\/29012"}],"wp:attachment":[{"href":"https:\/\/www.cnbb.org.br\/cnbb-app\/wp\/v2\/media?parent=29011"}],"wp:term":[{"taxonomy":"category","embeddable":true,"href":"https:\/\/www.cnbb.org.br\/cnbb-app\/wp\/v2\/categories?post=29011"},{"taxonomy":"post_tag","embeddable":true,"href":"https:\/\/www.cnbb.org.br\/cnbb-app\/wp\/v2\/tags?post=29011"}],"curies":[{"name":"wp","href":"https:\/\/api.w.org\/{rel}","templated":true}]}}