{"id":29046,"date":"2009-11-30T00:00:00","date_gmt":"2009-11-30T02:00:00","guid":{"rendered":"https:\/\/www.cnbb.org.br\/movimento-fe-e-politica-reune-mais-de-3-mil-em-ipatinga-1\/"},"modified":"2020-03-11T17:12:45","modified_gmt":"2020-03-11T20:12:45","slug":"movimento-fe-e-politica-reune-mais-de-3-mil-em-ipatinga-1","status":"publish","type":"post","link":"https:\/\/www.cnbb.org.br\/movimento-fe-e-politica-reune-mais-de-3-mil-em-ipatinga-1\/","title":{"rendered":"Movimento F\u00e9 e Pol\u00edtica re\u00fane mais de 3 mil em Ipatinga"},"content":{"rendered":"<p>Com o tema &#8220;Cuidar da Vida: Espiritualidade, Ecologia e Economia&#8221; o Movimento Nacional de F\u00e9 e Pol\u00edtica reuniu na cidade de Ipatinga (MG), entres os dia 28 e 29 de novembro,<\/p>\n<p>  <!--more-->  <\/p>\n<p>cerca de 3600 pessoas, vindas de todas as regi\u00f5es do Brasil para o 7\u00ba Encontro Nacional de F\u00e9 e Pol\u00edtica.<\/p>\n<p style=\"text-align: justify\">A abertura oficial do encontro contou com a presen\u00e7a do bispo diocesano\u00a0 de Itabira-Cel.Fabriciano, dom Odilon Guimar\u00e3es Moreira; o representante do\u00a0 Movimento Nacional de F\u00e9 e Pol\u00edtica, Pedro Ribeiro de Oliveira; o\u00a0 prefeito de Ipatinga,\u00a0 Robson Gomes da Silva; o representante do Minist\u00e9rio P\u00fablico, Fernando Ant\u00f4nio Fagundes Reis;\u00a0 a representante das equipes de\u00a0 trabalho do evento Arlete Ferreira C\u00e9sar, e o coordenador do encontro\u00a0 Cust\u00f3dio da Silva.<\/p>\n<p style=\"text-align: justify\">&#8220;O Movimento favorece ao crist\u00e3o crescer na consci\u00eancia de uma sociedade mais justa e digna. Sem a f\u00e9 e a pol\u00edtica, o ser humano vegetaria numa vida sem sentido, sem utopia&#8221;, afirmou o bispo diocesano de Itabira-Cel.Fabriciano, dom Odilon Guimar\u00e3es Moreira.<\/p>\n<p style=\"text-align: justify\">O encontro foi marcado por celebra\u00e7\u00f5es ecum\u00eanicas, confer\u00eancias e 20 oficinas com temas ligados \u00e0 tem\u00e1tica f\u00e9 e pol\u00edtica. O ministro do Desenvolvimento Social e Combate \u00e0 Fome, Patrus Ananias, o deputado federal do Rio de Janeiro, Chico Alencar; e o mestre em direito constitucional que integra a Rede Nacional de Advogados Populares, Delze dos Santos Laureano, foram os conferencistas do encontro.<img decoding=\"async\" loading=\"lazy\" class=\" alignright size-full wp-image-774\" src=\"https:\/\/www.cnbb.org.br\/wp-content\/uploads\/2020\/03\/img4b14016610ebd.jpg\" border=\"0\" align=\"right\" width=\"235\" height=\"314\" \/><\/p>\n<p style=\"text-align: justify\">Surgido na d\u00e9cada de 1980, o Movimento de F\u00e9 e Pol\u00edtica se rege por uma carta de princ\u00edpios, que lhe assegura o car\u00e1ter ecum\u00eamico, n\u00e3o partid\u00e1rio, e re\u00fane crist\u00e3os engajados na pol\u00edtica \u00e0 luz da f\u00e9 crist\u00e3. Participam vereadores, prefeitos, deputados e militantes de v\u00e1rios partidos pol\u00edticos. O primeiro Encontro Nacional de F\u00e9 e Pol\u00edtica aconteceu no ano de 2000, na cidade de Santo Andr\u00e9 (SP).<\/p>\n","protected":false},"excerpt":{"rendered":"<p>Com o tema &#8220;Cuidar da Vida: Espiritualidade, Ecologia e Economia&#8221; o Movimento Nacional de F\u00e9 e Pol\u00edtica reuniu na cidade de Ipatinga (MG), entres os dia 28 e 29 de novembro,<\/p>\n","protected":false},"author":83,"featured_media":29047,"comment_status":"open","ping_status":"open","sticky":false,"template":"","format":"standard","meta":{"site-sidebar-layout":"default","site-content-layout":"default","ast-global-header-display":"","ast-banner-title-visibility":"","ast-main-header-display":"","ast-hfb-above-header-display":"","ast-hfb-below-header-display":"","ast-hfb-mobile-header-display":"","site-post-title":"","ast-breadcrumbs-content":"","ast-featured-img":"","footer-sml-layout":"","theme-transparent-header-meta":"","adv-header-id-meta":"","stick-header-meta":"","header-above-stick-meta":"","header-main-stick-meta":"","header-below-stick-meta":""},"categories":[863],"tags":[],"acf":[],"_links":{"self":[{"href":"https:\/\/www.cnbb.org.br\/cnbb-app\/wp\/v2\/posts\/29046"}],"collection":[{"href":"https:\/\/www.cnbb.org.br\/cnbb-app\/wp\/v2\/posts"}],"about":[{"href":"https:\/\/www.cnbb.org.br\/cnbb-app\/wp\/v2\/types\/post"}],"author":[{"embeddable":true,"href":"https:\/\/www.cnbb.org.br\/cnbb-app\/wp\/v2\/users\/83"}],"replies":[{"embeddable":true,"href":"https:\/\/www.cnbb.org.br\/cnbb-app\/wp\/v2\/comments?post=29046"}],"version-history":[{"count":0,"href":"https:\/\/www.cnbb.org.br\/cnbb-app\/wp\/v2\/posts\/29046\/revisions"}],"wp:featuredmedia":[{"embeddable":true,"href":"https:\/\/www.cnbb.org.br\/cnbb-app\/wp\/v2\/media\/29047"}],"wp:attachment":[{"href":"https:\/\/www.cnbb.org.br\/cnbb-app\/wp\/v2\/media?parent=29046"}],"wp:term":[{"taxonomy":"category","embeddable":true,"href":"https:\/\/www.cnbb.org.br\/cnbb-app\/wp\/v2\/categories?post=29046"},{"taxonomy":"post_tag","embeddable":true,"href":"https:\/\/www.cnbb.org.br\/cnbb-app\/wp\/v2\/tags?post=29046"}],"curies":[{"name":"wp","href":"https:\/\/api.w.org\/{rel}","templated":true}]}}