{"id":29059,"date":"2009-07-22T00:00:00","date_gmt":"2009-07-22T03:00:00","guid":{"rendered":"https:\/\/www.cnbb.org.br\/cebs-sao-o-jeito-normal-de-ser-igreja-diz-teologo\/"},"modified":"2020-03-11T17:12:45","modified_gmt":"2020-03-11T20:12:45","slug":"cebs-sao-o-jeito-normal-de-ser-igreja-diz-teologo","status":"publish","type":"post","link":"https:\/\/www.cnbb.org.br\/cebs-sao-o-jeito-normal-de-ser-igreja-diz-teologo\/","title":{"rendered":"\u201cCEBs s\u00e3o o jeito normal de ser Igreja\u201d, diz te\u00f3logo"},"content":{"rendered":"<p style=\"text-align: justify\">O te\u00f3logo Benedito Ferraro afirmou, nesta quarta-feira, 22, que as Comunidades Eclesiais de Base s\u00e3o o \u201cjeito normal de ser Igreja\u201d. Desde que foram fundadas, as CEBs se identificam como \u201cnovo jeito de ser Igreja\u201d. A nova express\u00e3o, segundo Ferraro, foi cunhada por dom Pedro Casald\u00e1liga, grande defensor das CEBs.<\/p>\n<p>  <!--more-->  <\/p>\n<p style=\"text-align: justify\">\u201cO modo normal de ser igreja \u00e9 a liga\u00e7\u00e3o da f\u00e9 com a vida\u201d, disse o te\u00f3logo durante a coletiva de imprensa organizada pela assessoria do 12\u00ba Encontro Intereclesial das CEBs, aberto ontem na capital de Rond\u00f4nia. \u201cPor isso, as CEBs s\u00e3o o jeito normal de ser Igreja\u201d, afirmou, referindo-se \u00e0 participa\u00e7\u00e3o das CEBs nas lutas sociais e pol\u00edticas da sociedade.<\/p>\n<p style=\"text-align: justify\">\u201cVoltamos nosso olhar para o que \u00e9 fundamental na vida das CEBs, isto \u00e9, o enraizamento desta dimens\u00e3o fundamental de nossa f\u00e9 em Jesus de Nazar\u00e9, com uma fundamenta\u00e7\u00e3o b\u00edblica que aponta para a liberta\u00e7\u00e3o em todas as dimens\u00f5es: pol\u00edtica, econ\u00f4mica, ecol\u00f3gica e lit\u00fargica\u201d, acentuou o te\u00f3logo, que \u00e9 assessor nacional das CEBs.<\/p>\n<p style=\"text-align: justify\">Segundo Ferraro, o compromisso social \u00e9 a grande novidade das CEBs, refor\u00e7ada pela inser\u00e7\u00e3o na luta pol\u00edtica pela liberta\u00e7\u00e3o dos pobres e exclu\u00eddos. A raiz deste compromisso, de acordo com o te\u00f3logo, est\u00e1 no livro do \u00caxodo, nos profetas e em Jesus de Nazar\u00e9. \u201c\u00c9 isto que vivemos no intereclesial: uma nova forma de viver a miss\u00e3o\u201d, frisou.<\/p>\n<p style=\"text-align: justify\">Em rela\u00e7\u00e3o \u00e0 Amaz\u00f4nia, Ferraro acredita que o grande desafio para a miss\u00e3o seja garantir vida para todos. \u201cN\u00e3o basta pensar na Amaz\u00f4nia como terra de miss\u00e3o com mission\u00e1rios de fora. O desafio \u00e9 descobrir como buscar vida digna para todas as pessoas e a natureza na Amaz\u00f4nia. Este \u00e9 o enfoque principal do encontro Intereclesial das CEBs\u201d, considerou.<\/p>\n","protected":false},"excerpt":{"rendered":"<p>O te\u00f3logo Benedito Ferraro afirmou, nesta quarta-feira, 22, que as Comunidades Eclesiais de Base s\u00e3o o \u201cjeito normal de ser Igreja\u201d. Desde que foram fundadas, as CEBs se identificam como \u201cnovo jeito de ser Igreja\u201d. A nova express\u00e3o, segundo Ferraro, foi cunhada por dom Pedro Casald\u00e1liga, grande defensor das CEBs.<\/p>\n","protected":false},"author":83,"featured_media":29060,"comment_status":"open","ping_status":"open","sticky":false,"template":"","format":"standard","meta":{"site-sidebar-layout":"default","site-content-layout":"default","ast-global-header-display":"","ast-banner-title-visibility":"","ast-main-header-display":"","ast-hfb-above-header-display":"","ast-hfb-below-header-display":"","ast-hfb-mobile-header-display":"","site-post-title":"","ast-breadcrumbs-content":"","ast-featured-img":"","footer-sml-layout":"","theme-transparent-header-meta":"","adv-header-id-meta":"","stick-header-meta":"","header-above-stick-meta":"","header-main-stick-meta":"","header-below-stick-meta":""},"categories":[863],"tags":[],"acf":[],"_links":{"self":[{"href":"https:\/\/www.cnbb.org.br\/cnbb-app\/wp\/v2\/posts\/29059"}],"collection":[{"href":"https:\/\/www.cnbb.org.br\/cnbb-app\/wp\/v2\/posts"}],"about":[{"href":"https:\/\/www.cnbb.org.br\/cnbb-app\/wp\/v2\/types\/post"}],"author":[{"embeddable":true,"href":"https:\/\/www.cnbb.org.br\/cnbb-app\/wp\/v2\/users\/83"}],"replies":[{"embeddable":true,"href":"https:\/\/www.cnbb.org.br\/cnbb-app\/wp\/v2\/comments?post=29059"}],"version-history":[{"count":0,"href":"https:\/\/www.cnbb.org.br\/cnbb-app\/wp\/v2\/posts\/29059\/revisions"}],"wp:featuredmedia":[{"embeddable":true,"href":"https:\/\/www.cnbb.org.br\/cnbb-app\/wp\/v2\/media\/29060"}],"wp:attachment":[{"href":"https:\/\/www.cnbb.org.br\/cnbb-app\/wp\/v2\/media?parent=29059"}],"wp:term":[{"taxonomy":"category","embeddable":true,"href":"https:\/\/www.cnbb.org.br\/cnbb-app\/wp\/v2\/categories?post=29059"},{"taxonomy":"post_tag","embeddable":true,"href":"https:\/\/www.cnbb.org.br\/cnbb-app\/wp\/v2\/tags?post=29059"}],"curies":[{"name":"wp","href":"https:\/\/api.w.org\/{rel}","templated":true}]}}