{"id":29061,"date":"2010-02-10T00:00:00","date_gmt":"2010-02-10T02:00:00","guid":{"rendered":"https:\/\/www.cnbb.org.br\/bispos-reafirmam-posicao-contra-usina-de-belo-monte\/"},"modified":"2020-03-11T17:12:41","modified_gmt":"2020-03-11T20:12:41","slug":"bispos-reafirmam-posicao-contra-usina-de-belo-monte","status":"publish","type":"post","link":"https:\/\/www.cnbb.org.br\/bispos-reafirmam-posicao-contra-usina-de-belo-monte\/","title":{"rendered":"Bispos reafirmam posi\u00e7\u00e3o contra usina de Belo Monte"},"content":{"rendered":"<p style=\"text-align: justify\">Em nota divulgada na tarde desta quarta-feira, 10, os bispos do Regional Norte 2 (Par\u00e1 e Amap\u00e1) reafirmaram sua posi\u00e7\u00e3o contra a constru\u00e7\u00e3o da usina hidrel\u00e9trica de Belo Monte. No texto, eles destacam que n\u00e3o s\u00e3o contr\u00e1rios \u00e0s a\u00e7\u00f5es que visem apenas o progresso, mas sim \u201ccontra medidas que s\u00e3o tomadas de forma arbitr\u00e1ria\u201d.<\/p>\n<p>  <!--more-->  <\/p>\n<p style=\"text-align: justify\">Ainda na nota, os bispos lembram o exemplo de respeito \u00e0 natureza seguido pelos povos ind\u00edgenas.  \u201cDev\u00edamos aprender com os \u00edndios, os guardi\u00f5es da floresta, que respeitam a m\u00e3e terra, rios e matas e sempre promoveram uma vida compartilhada em meio a tanta gan\u00e2ncia humana\u201d. A nota \u00e9 assinada pelo presidente do Regional Norte 2, dom Jesus Maria Cizaurre Berdonces.<\/p>\n<p style=\"text-align: justify\">Leia, abaixo, texto na \u00edntegra<\/p>\n<hr \/>\n<p style=\"text-align: justify\">N\u00f3s, Bispos da Confer\u00eancia Nacional dos Bispos do Brasil \u2013 CNBB N2, unimos nossa voz a dos diversos movimentos sociais e a todos os que lutam pela defesa da vida, para tornar p\u00fablica a imensa preocupa\u00e7\u00e3o com as conseq\u00fc\u00eancias desastrosas advindas da instala\u00e7\u00e3o da usina hidrel\u00e9trica de Belo Monte, em Altamira, sudoeste do Par\u00e1.<\/p>\n<p style=\"text-align: justify\">\u00c9 sabido de todos, por ter sido amplamente divulgado pela imprensa e reafirmado pelo Minist\u00e9rio P\u00fablico Federal, que h\u00e1 lacunas a serem preenchidas para a viabilidade do projeto que pretende explorar as \u00e1guas do Xingu.<\/p>\n<p style=\"text-align: justify\">Partilhamos a ang\u00fastia do povo que ser\u00e1 atingido pela execu\u00e7\u00e3o do projeto. Dados de pesquisadores e estudiosos da Amaz\u00f4nia comprovam que s\u00e3o previstos 1522 km2 de destrui\u00e7\u00e3o &#8211; 516 km2 de \u00e1rea inundada e 1006 km2 de \u00e1rea que secar\u00e1 com o desvio definitivo da Volta Grande do Xingu!<\/p>\n<p style=\"text-align: justify\">Assim, reafirmamos nossa posi\u00e7\u00e3o contra todo ato que agride e desrespeita a natureza bem como ameace a sobreviv\u00eancia de comunidades tradicionais.<\/p>\n<p style=\"text-align: justify\">Reafirmamos tamb\u00e9m que n\u00e3o somos contra a\u00e7\u00f5es que visem o progresso, mas sim contra medidas que s\u00e3o tomadas de forma arbitr\u00e1ria. A sociedade civil, os mais de 40 especialistas que aprofundaram a quest\u00e3o e apresentaram o relat\u00f3rio do estudo dos impactos ambientais, os povos ind\u00edgenas, os ribeirinhos, os movimentos em defesa da vida e todos os impactados pela hidrel\u00e9trica de Belo Monte, precisam ser ouvidos de forma respeitosa e correta e nossa preocupa\u00e7\u00e3o \u00e9 justamente nessa falta de um plano de desenvolvimento para a regi\u00e3o que ou\u00e7a a popula\u00e7\u00e3o local.<\/p>\n<p style=\"text-align: justify\">Dev\u00edamos aprender com os \u00edndios, os guardi\u00f5es da floresta, que respeitam a m\u00e3e terra, rios e matas e sempre promoveram uma vida compartilhada em meio a tanta gan\u00e2ncia humana.<\/p>\n<p style=\"text-align: justify\">Por isso, refor\u00e7amos nossa esperan\u00e7a de que a Amaz\u00f4nia seja desenvolvida sim, n\u00e3o \u00e0 base de desenvolvimento predat\u00f3rio como sempre vem acontecendo, mas com um real desenvolvimento que respeita seus povos e seu ch\u00e3o.<\/p>\n<h4 style=\"text-align: right\">Bel\u00e9m, 08 de fevereiro de 2010<br \/>Pelos Bispos da Confer\u00eancia Nacional dos Bispos do Brasil \u2013 CNBB N2<br \/> Jesus Maria Cizaurre Berdonces<\/h4>\n","protected":false},"excerpt":{"rendered":"<p>Em nota divulgada na tarde desta quarta-feira, 10, os bispos do Regional Norte 2 (Par\u00e1 e Amap\u00e1) reafirmaram sua posi\u00e7\u00e3o contra a constru\u00e7\u00e3o da usina hidrel\u00e9trica de Belo Monte. No texto, eles destacam que n\u00e3o s\u00e3o contr\u00e1rios \u00e0s a\u00e7\u00f5es que visem apenas o progresso, mas sim \u201ccontra medidas que s\u00e3o tomadas de forma arbitr\u00e1ria\u201d.<\/p>\n","protected":false},"author":83,"featured_media":29062,"comment_status":"open","ping_status":"open","sticky":false,"template":"","format":"standard","meta":{"site-sidebar-layout":"default","site-content-layout":"default","ast-global-header-display":"","ast-banner-title-visibility":"","ast-main-header-display":"","ast-hfb-above-header-display":"","ast-hfb-below-header-display":"","ast-hfb-mobile-header-display":"","site-post-title":"","ast-breadcrumbs-content":"","ast-featured-img":"","footer-sml-layout":"","theme-transparent-header-meta":"","adv-header-id-meta":"","stick-header-meta":"","header-above-stick-meta":"","header-main-stick-meta":"","header-below-stick-meta":""},"categories":[863],"tags":[],"acf":[],"_links":{"self":[{"href":"https:\/\/www.cnbb.org.br\/cnbb-app\/wp\/v2\/posts\/29061"}],"collection":[{"href":"https:\/\/www.cnbb.org.br\/cnbb-app\/wp\/v2\/posts"}],"about":[{"href":"https:\/\/www.cnbb.org.br\/cnbb-app\/wp\/v2\/types\/post"}],"author":[{"embeddable":true,"href":"https:\/\/www.cnbb.org.br\/cnbb-app\/wp\/v2\/users\/83"}],"replies":[{"embeddable":true,"href":"https:\/\/www.cnbb.org.br\/cnbb-app\/wp\/v2\/comments?post=29061"}],"version-history":[{"count":0,"href":"https:\/\/www.cnbb.org.br\/cnbb-app\/wp\/v2\/posts\/29061\/revisions"}],"wp:featuredmedia":[{"embeddable":true,"href":"https:\/\/www.cnbb.org.br\/cnbb-app\/wp\/v2\/media\/29062"}],"wp:attachment":[{"href":"https:\/\/www.cnbb.org.br\/cnbb-app\/wp\/v2\/media?parent=29061"}],"wp:term":[{"taxonomy":"category","embeddable":true,"href":"https:\/\/www.cnbb.org.br\/cnbb-app\/wp\/v2\/categories?post=29061"},{"taxonomy":"post_tag","embeddable":true,"href":"https:\/\/www.cnbb.org.br\/cnbb-app\/wp\/v2\/tags?post=29061"}],"curies":[{"name":"wp","href":"https:\/\/api.w.org\/{rel}","templated":true}]}}