{"id":29081,"date":"2010-03-19T00:00:00","date_gmt":"2010-03-19T03:00:00","guid":{"rendered":"https:\/\/www.cnbb.org.br\/cardeal-hummes-e-o-enviado-do-papa-ao-16o-congresso-eucaristico-nacional\/"},"modified":"2020-03-11T17:12:39","modified_gmt":"2020-03-11T20:12:39","slug":"cardeal-hummes-e-o-enviado-do-papa-ao-16o-congresso-eucaristico-nacional","status":"publish","type":"post","link":"https:\/\/www.cnbb.org.br\/cardeal-hummes-e-o-enviado-do-papa-ao-16o-congresso-eucaristico-nacional\/","title":{"rendered":"Cardeal Hummes \u00e9 o enviado do papa ao 16\u00ba Congresso Eucar\u00edstico Nacional"},"content":{"rendered":"<p style=\"text-align: justify\">O papa Bento XVI nomeou, na semana passada, o prefeito da Congrega\u00e7\u00e3o para o Clero, cardeal Cl\u00e1udio Hummes, como seu Enviado Especial para o 16\u00ba Congresso Eucar\u00edstico Nacional. Organizado pela arquidiocese de Bras\u00edlia, o Congresso ocorrer\u00e1 nos dias 13 a 16 de maio, na capital federal, logo ap\u00f3s a 48\u00aa Assembleia Geral da CNBB que, por causa do Congresso, tamb\u00e9m ter\u00e1 Bras\u00edlia como sede.<\/p>\n<p>  <!--more-->  <\/p>\n<p style=\"text-align: justify\">Segundo o arcebispo de Bras\u00edlia, dom Jo\u00e3o Braz de Aviz, por sugest\u00e3o do cardeal, foi inclu\u00edda na pauta do Congresso uma jornada sacerdotal, que acontecer\u00e1 no dia 13, antes da abertura oficial do evento. O cardeal Hummes ser\u00e1 um dos conferencistas da Jornada Sacerdotal. A organiza\u00e7\u00e3o do evento espera a participa\u00e7\u00e3o de 8 mil padres.<\/p>\n<p style=\"text-align: justify\"><a target=\"_blank\" href=\"http:\/\/www.cen2010.org.br\/documentos\/programacao_cen_2.jpg\" rel=\"noopener noreferrer\" data-rel=\"lightbox-image-0\" data-rl_title=\"\" data-rl_caption=\"\" title=\"\">Confira aqui a programa\u00e7\u00e3o do CEN-2010<\/a>.<\/p>\n","protected":false},"excerpt":{"rendered":"<p>O papa Bento XVI nomeou, na semana passada, o prefeito da Congrega\u00e7\u00e3o para o Clero, cardeal Cl\u00e1udio Hummes, como seu Enviado Especial para o 16\u00ba Congresso Eucar\u00edstico Nacional. Organizado pela arquidiocese de Bras\u00edlia, o Congresso ocorrer\u00e1 nos dias 13 a 16 de maio, na capital federal, logo ap\u00f3s a 48\u00aa Assembleia Geral da CNBB que, &hellip;<\/p>\n<p class=\"read-more\"> <a class=\"\" href=\"https:\/\/www.cnbb.org.br\/cardeal-hummes-e-o-enviado-do-papa-ao-16o-congresso-eucaristico-nacional\/\"> <span class=\"screen-reader-text\">Cardeal Hummes \u00e9 o enviado do papa ao 16\u00ba Congresso Eucar\u00edstico Nacional<\/span> Leia mais &raquo;<\/a><\/p>\n","protected":false},"author":83,"featured_media":29082,"comment_status":"open","ping_status":"open","sticky":false,"template":"","format":"standard","meta":{"site-sidebar-layout":"default","site-content-layout":"default","ast-global-header-display":"","ast-banner-title-visibility":"","ast-main-header-display":"","ast-hfb-above-header-display":"","ast-hfb-below-header-display":"","ast-hfb-mobile-header-display":"","site-post-title":"","ast-breadcrumbs-content":"","ast-featured-img":"","footer-sml-layout":"","theme-transparent-header-meta":"","adv-header-id-meta":"","stick-header-meta":"","header-above-stick-meta":"","header-main-stick-meta":"","header-below-stick-meta":""},"categories":[863],"tags":[],"acf":[],"_links":{"self":[{"href":"https:\/\/www.cnbb.org.br\/cnbb-app\/wp\/v2\/posts\/29081"}],"collection":[{"href":"https:\/\/www.cnbb.org.br\/cnbb-app\/wp\/v2\/posts"}],"about":[{"href":"https:\/\/www.cnbb.org.br\/cnbb-app\/wp\/v2\/types\/post"}],"author":[{"embeddable":true,"href":"https:\/\/www.cnbb.org.br\/cnbb-app\/wp\/v2\/users\/83"}],"replies":[{"embeddable":true,"href":"https:\/\/www.cnbb.org.br\/cnbb-app\/wp\/v2\/comments?post=29081"}],"version-history":[{"count":0,"href":"https:\/\/www.cnbb.org.br\/cnbb-app\/wp\/v2\/posts\/29081\/revisions"}],"wp:featuredmedia":[{"embeddable":true,"href":"https:\/\/www.cnbb.org.br\/cnbb-app\/wp\/v2\/media\/29082"}],"wp:attachment":[{"href":"https:\/\/www.cnbb.org.br\/cnbb-app\/wp\/v2\/media?parent=29081"}],"wp:term":[{"taxonomy":"category","embeddable":true,"href":"https:\/\/www.cnbb.org.br\/cnbb-app\/wp\/v2\/categories?post=29081"},{"taxonomy":"post_tag","embeddable":true,"href":"https:\/\/www.cnbb.org.br\/cnbb-app\/wp\/v2\/tags?post=29081"}],"curies":[{"name":"wp","href":"https:\/\/api.w.org\/{rel}","templated":true}]}}