{"id":29090,"date":"2010-04-05T00:00:00","date_gmt":"2010-04-05T03:00:00","guid":{"rendered":"https:\/\/www.cnbb.org.br\/articuladores-se-encontram-em-sao-paulo-para-organizar-o-16o-grito-dos-excluidos\/"},"modified":"2020-03-11T17:12:37","modified_gmt":"2020-03-11T20:12:37","slug":"articuladores-se-encontram-em-sao-paulo-para-organizar-o-16o-grito-dos-excluidos","status":"publish","type":"post","link":"https:\/\/www.cnbb.org.br\/articuladores-se-encontram-em-sao-paulo-para-organizar-o-16o-grito-dos-excluidos\/","title":{"rendered":"Articuladores organizam o 16\u00ba Grito dos Exclu\u00eddos"},"content":{"rendered":"<p style=\"text-align: justify\">S\u00e3o Paulo sediou, entre os dias 26 e 28 de mar\u00e7o, o 12\u00ba Encontro Nacional de Articuladores do Grito dos Exclu\u00eddos. Cerca de 37 pessoas, representando 18 estados e 13 entidades que comp\u00f5em a coordena\u00e7\u00e3o da iniciativa participaram.<\/p>\n<p>  <!--more-->  <\/p>\n<p style=\"text-align: justify\">Um dos objetivos do encontro foi preparar os articuladores estaduais para a organiza\u00e7\u00e3o do 16\u00ba Grito dos Exclu\u00eddos, que tem como lema \u201cOnde est\u00e3o nossos direitos? Vamos \u00e0s ruas para construir um projeto popular\u201d.<\/p>\n<p style=\"text-align: justify\">Tr\u00eas momentos marcaram o encontro: no primeiro dia os participantes foram convidados a somar elementos para uma an\u00e1lise de conjuntura, em n\u00edvel local, nacional e internacional, tendo como enfoque a avalia\u00e7\u00e3o do Grito, seus desafios, perspectivas, e, depois, foi dedicado ao aprofundamento do Projeto Popular, atrav\u00e9s de uma an\u00e1lise metodol\u00f3gica que privilegia o estudo de diversos olhares sobre o poder e os direitos de cidadania. No restante do tempo, a pauta girou em torno das sugest\u00f5es para a organiza\u00e7\u00e3o concreta do Grito de 2010.<\/p>\n<p style=\"text-align: justify\">A 16\u00aa edi\u00e7\u00e3o do Grito ser\u00e1 marcada por duas for\u00e7as motrizes: a vida e os direitos, por um lado, e a participa\u00e7\u00e3o no Plebiscito Popular pelo Limite da Propriedade da Terra, por outro. De uma parte, destacou-se a viol\u00eancia que vem exterminando a juventude brasileira; a Campanha da Fraternidade deste ano; o processo eleitoral, centrando a discuss\u00e3o em crit\u00e9rios \u00e9ticos para a constru\u00e7\u00e3o de uma democracia popular.<\/p>\n<p style=\"text-align: justify\">Durante o encontro insistiu-se tamb\u00e9m pela necessidade de uma metodologia que supere uma linguagem verbalizada, em vista das linguagens populares diversificadas, tais como, o teatro, a dan\u00e7a, a poesia, a m\u00fasica, o repente; da descentraliza\u00e7\u00e3o geogr\u00e1fica do Grito.<\/p>\n<p style=\"text-align: justify\">No dia 28, encerramento do encontro, concluiu-se por dois s\u00edmbolos nacionais, a serem enriquecidos por outras formas de simbologia local ou regional: a constitui\u00e7\u00e3o brasileira com a inscri\u00e7\u00e3o: onde est\u00e3o os nossos direitos, como forma de levar a s\u00e9rio os direitos garantidos em seu texto e o globo, chamando a aten\u00e7\u00e3o para o grito da vida no planeta terra em todas as suas formas, biodiversidade.<\/p>\n","protected":false},"excerpt":{"rendered":"<p>S\u00e3o Paulo sediou, entre os dias 26 e 28 de mar\u00e7o, o 12\u00ba Encontro Nacional de Articuladores do Grito dos Exclu\u00eddos. Cerca de 37 pessoas, representando 18 estados e 13 entidades que comp\u00f5em a coordena\u00e7\u00e3o da iniciativa participaram.<\/p>\n","protected":false},"author":83,"featured_media":29091,"comment_status":"open","ping_status":"open","sticky":false,"template":"","format":"standard","meta":{"site-sidebar-layout":"default","site-content-layout":"default","ast-global-header-display":"","ast-banner-title-visibility":"","ast-main-header-display":"","ast-hfb-above-header-display":"","ast-hfb-below-header-display":"","ast-hfb-mobile-header-display":"","site-post-title":"","ast-breadcrumbs-content":"","ast-featured-img":"","footer-sml-layout":"","theme-transparent-header-meta":"","adv-header-id-meta":"","stick-header-meta":"","header-above-stick-meta":"","header-main-stick-meta":"","header-below-stick-meta":""},"categories":[863],"tags":[],"acf":[],"_links":{"self":[{"href":"https:\/\/www.cnbb.org.br\/cnbb-app\/wp\/v2\/posts\/29090"}],"collection":[{"href":"https:\/\/www.cnbb.org.br\/cnbb-app\/wp\/v2\/posts"}],"about":[{"href":"https:\/\/www.cnbb.org.br\/cnbb-app\/wp\/v2\/types\/post"}],"author":[{"embeddable":true,"href":"https:\/\/www.cnbb.org.br\/cnbb-app\/wp\/v2\/users\/83"}],"replies":[{"embeddable":true,"href":"https:\/\/www.cnbb.org.br\/cnbb-app\/wp\/v2\/comments?post=29090"}],"version-history":[{"count":0,"href":"https:\/\/www.cnbb.org.br\/cnbb-app\/wp\/v2\/posts\/29090\/revisions"}],"wp:featuredmedia":[{"embeddable":true,"href":"https:\/\/www.cnbb.org.br\/cnbb-app\/wp\/v2\/media\/29091"}],"wp:attachment":[{"href":"https:\/\/www.cnbb.org.br\/cnbb-app\/wp\/v2\/media?parent=29090"}],"wp:term":[{"taxonomy":"category","embeddable":true,"href":"https:\/\/www.cnbb.org.br\/cnbb-app\/wp\/v2\/categories?post=29090"},{"taxonomy":"post_tag","embeddable":true,"href":"https:\/\/www.cnbb.org.br\/cnbb-app\/wp\/v2\/tags?post=29090"}],"curies":[{"name":"wp","href":"https:\/\/api.w.org\/{rel}","templated":true}]}}