{"id":29092,"date":"2010-04-07T00:00:00","date_gmt":"2010-04-07T03:00:00","guid":{"rendered":"https:\/\/www.cnbb.org.br\/projeto-ficha-limpa-chega-ao-plenario-da-camara-dos-deputados\/"},"modified":"2020-03-11T17:12:37","modified_gmt":"2020-03-11T20:12:37","slug":"projeto-ficha-limpa-chega-ao-plenario-da-camara-dos-deputados","status":"publish","type":"post","link":"https:\/\/www.cnbb.org.br\/projeto-ficha-limpa-chega-ao-plenario-da-camara-dos-deputados\/","title":{"rendered":"Projeto Ficha Limpa chega ao plen\u00e1rio da C\u00e2mara dos Deputados"},"content":{"rendered":"<p style=\"text-align: justify\">Nesta quarta-feira, 7, chega ao plen\u00e1rio da C\u00e2mara dos Deputados o Projeto de Lei que trata das inelegibilidades e que tem como principal norteador a PLP 518\/09, da Campanha Ficha Limpa. O Movimento de Combate \u00e0 Corrup\u00e7\u00e3o Eleitoral (MCCE), autor do projeto, pediu ao presidente da C\u00e2mara, Michel Temer, \u201curg\u00eancia urgent\u00edssima\u201d na aprova\u00e7\u00e3o do projeto, bem como que a vota\u00e7\u00e3o seja feita ainda hoje.<\/p>\n<p>  <!--more-->  <\/p>\n<p style=\"text-align: justify\">Caso a aprecia\u00e7\u00e3o da mat\u00e9ria seja feita com o pedido de urg\u00eancia urgent\u00edssima de deputados, a vota\u00e7\u00e3o poder\u00e1 se realizar ainda nesta quarta-feira, finalizando um processo iniciado em maio de 2008 e que mobilizou todo o pa\u00eds.<\/p>\n<p> \u201cLutaremos para que os deputados se comprometam com o assunto e fa\u00e7am o requerimento de urg\u00eancia. Como disse o pr\u00f3prio presidente Michel Temer, se a Ficha Limpa n\u00e3o for aprovada, ser\u00e1 um desastre para esta casa\u201d, afirmou Marcelo Laven\u00e8re, membro do MCCE e ex-presidente da Ordem dos Advogados do Brasil (OAB). A rede, formada por 44 entidades e que arrecadou mais de 1,6 milh\u00e3o de assinaturas para o projeto de lei sobre a vida pregressa dos candidatos, espera assim garantir a vota\u00e7\u00e3o, no entanto n\u00e3o descarta outros cen\u00e1rios poss\u00edveis. <\/p>\n<p style=\"text-align: justify\">\u201cCaso sejam apresentadas emendas, nossa press\u00e3o ser\u00e1 transferida para a Comiss\u00e3o de Constitui\u00e7\u00e3o e Justi\u00e7a (CCJ)\u201d, acrescentou o tamb\u00e9m membro do MCCE, Francisco Whitaker. Ontem, o presidente da casa disse \u00e0 imprensa que, em caso do projeto seguir para a CCJ, ele trabalhar\u00e1 para que a discuss\u00e3o fosse breve. Na avalia\u00e7\u00e3o do movimento, este posicionamento d\u00e1 a ver, mais uma vez, a disposi\u00e7\u00e3o de Temer de fazer o projeto ser votado.<\/p>\n<p style=\"text-align: justify\">O texto a ser levado ao plen\u00e1rio hoje \u00e9 resultado dos esfor\u00e7os do grupo de trabalho criado pelo presidente, com relatoria do deputado \u00cdndio da Costa e coordena\u00e7\u00e3o de Miguel Martini, que elaborou um projeto consensual, baseado na Ficha Limpa e em outros 10 projetos que abordam o tema das inelegibilidades.<\/p>\n<p style=\"text-align: justify\"><strong>Mobiliza\u00e7\u00e3o<\/strong><\/p>\n<p style=\"text-align: justify\">O dia 7 de abril dever\u00e1 mobilizar muita gente em torno do projeto de lei, na expectativa de sua aprova\u00e7\u00e3o. A aprecia\u00e7\u00e3o em plen\u00e1rio dever\u00e1 ocorrer a partir das 17h, mas desde as 14h, membros do MCCE, presidentes de entidades que comp\u00f5em a rede e manifestantes em geral estar\u00e3o no Sal\u00e3o Verde do Congresso.<\/p>\n<p style=\"text-align: justify\">\u201cQueremos assistir \u00e0 aprecia\u00e7\u00e3o em plen\u00e1rio, mas tamb\u00e9m esperamos que os deputados nos vejam e lembrem no desejo popular em torno da mat\u00e9ria\u201d, disse a secret\u00e1ria executiva do MCCE, Cristiane Vasconcelos.<\/p>\n<p style=\"text-align: justify\">A Campanha Ficha Limpa foi marcada por atos de mobiliza\u00e7\u00e3o por todo o pa\u00eds. Foi assim que no dia 29 de setembro de 2009, o movimento entregou a Michel Temer o projeto de iniciativa popular com 1,3 milh\u00e3o de assinaturas. Desse dia at\u00e9 o come\u00e7o de mar\u00e7o de 2010, mais de 300 mil novas assinaturas foram entregues no Congresso. A coleta ainda n\u00e3o foi encerrada.<\/p>\n<p style=\"text-align: justify\">Durante a campanha, a Ficha Limpa tamb\u00e9m chegou \u00e0s redes sociais na Internet, conquistando milhares de adeptos do Orkut, Facebook, Twitter, entre outros. Nesta \u00faltima, a peti\u00e7\u00e3o em prol da Ficha Limpa j\u00e1 ultrapassou 100 mil assinaturas. No final da semana passada, o Ficha Limpa foi o assunto mais comentado do Twitter no Brasil.<\/p>\n","protected":false},"excerpt":{"rendered":"<p>Nesta quarta-feira, 7, chega ao plen\u00e1rio da C\u00e2mara dos Deputados o Projeto de Lei que trata das inelegibilidades e que tem como principal norteador a PLP 518\/09, da Campanha Ficha Limpa. O Movimento de Combate \u00e0 Corrup\u00e7\u00e3o Eleitoral (MCCE), autor do projeto, pediu ao presidente da C\u00e2mara, Michel Temer, \u201curg\u00eancia urgent\u00edssima\u201d na aprova\u00e7\u00e3o do projeto, &hellip;<\/p>\n<p class=\"read-more\"> <a class=\"\" href=\"https:\/\/www.cnbb.org.br\/projeto-ficha-limpa-chega-ao-plenario-da-camara-dos-deputados\/\"> <span class=\"screen-reader-text\">Projeto Ficha Limpa chega ao plen\u00e1rio da C\u00e2mara dos Deputados<\/span> Leia mais &raquo;<\/a><\/p>\n","protected":false},"author":83,"featured_media":29078,"comment_status":"open","ping_status":"open","sticky":false,"template":"","format":"standard","meta":{"site-sidebar-layout":"default","site-content-layout":"default","ast-global-header-display":"","ast-banner-title-visibility":"","ast-main-header-display":"","ast-hfb-above-header-display":"","ast-hfb-below-header-display":"","ast-hfb-mobile-header-display":"","site-post-title":"","ast-breadcrumbs-content":"","ast-featured-img":"","footer-sml-layout":"","theme-transparent-header-meta":"","adv-header-id-meta":"","stick-header-meta":"","header-above-stick-meta":"","header-main-stick-meta":"","header-below-stick-meta":""},"categories":[863],"tags":[],"acf":[],"_links":{"self":[{"href":"https:\/\/www.cnbb.org.br\/cnbb-app\/wp\/v2\/posts\/29092"}],"collection":[{"href":"https:\/\/www.cnbb.org.br\/cnbb-app\/wp\/v2\/posts"}],"about":[{"href":"https:\/\/www.cnbb.org.br\/cnbb-app\/wp\/v2\/types\/post"}],"author":[{"embeddable":true,"href":"https:\/\/www.cnbb.org.br\/cnbb-app\/wp\/v2\/users\/83"}],"replies":[{"embeddable":true,"href":"https:\/\/www.cnbb.org.br\/cnbb-app\/wp\/v2\/comments?post=29092"}],"version-history":[{"count":0,"href":"https:\/\/www.cnbb.org.br\/cnbb-app\/wp\/v2\/posts\/29092\/revisions"}],"wp:featuredmedia":[{"embeddable":true,"href":"https:\/\/www.cnbb.org.br\/cnbb-app\/wp\/v2\/media\/29078"}],"wp:attachment":[{"href":"https:\/\/www.cnbb.org.br\/cnbb-app\/wp\/v2\/media?parent=29092"}],"wp:term":[{"taxonomy":"category","embeddable":true,"href":"https:\/\/www.cnbb.org.br\/cnbb-app\/wp\/v2\/categories?post=29092"},{"taxonomy":"post_tag","embeddable":true,"href":"https:\/\/www.cnbb.org.br\/cnbb-app\/wp\/v2\/tags?post=29092"}],"curies":[{"name":"wp","href":"https:\/\/api.w.org\/{rel}","templated":true}]}}