{"id":29094,"date":"2010-04-07T00:00:00","date_gmt":"2010-04-07T03:00:00","guid":{"rendered":"https:\/\/www.cnbb.org.br\/conferencia-de-economia-solidaria-debate-alternativa-viavel-ao-desenvolvimento-sustentavel\/"},"modified":"2020-03-11T17:12:37","modified_gmt":"2020-03-11T20:12:37","slug":"conferencia-de-economia-solidaria-debate-alternativa-viavel-ao-desenvolvimento-sustentavel","status":"publish","type":"post","link":"https:\/\/www.cnbb.org.br\/conferencia-de-economia-solidaria-debate-alternativa-viavel-ao-desenvolvimento-sustentavel\/","title":{"rendered":"Confer\u00eancia de Economia Solid\u00e1ria debate alternativa vi\u00e1vel ao desenvolvimento sustent\u00e1vel"},"content":{"rendered":"<p style=\"text-align: justify\">Florian\u00f3polis vai abrir nesta quinta-feira, 8, a s\u00e9rie de oito Confer\u00eancias Regionais de Economia Solid\u00e1ria em Santa Catarina, preparat\u00f3rias \u00e0 etapa estadual, prevista para 24 de abril, tamb\u00e9m na Capital. \u00c9 a segunda vez que todo o Brasil realiza confer\u00eancias oficiais tratando de pol\u00edticas p\u00fablicas relacionadas \u00e0 economia solid\u00e1ria. Os debates iniciam \u00e0s 8h30, na Assembleia Legislativa.<\/p>\n<p>  <!--more-->  <\/p>\n<p style=\"text-align: justify\">A tem\u00e1tica da 2\u00aa Confer\u00eancia Nacional \u00e9 \u201cPelo direito de produzir e viver em coopera\u00e7\u00e3o, de maneira sustent\u00e1vel\u201d. A economia solid\u00e1ria \u00e9 uma forma de produ\u00e7\u00e3o, consumo e distribui\u00e7\u00e3o da riqueza em que os resultados s\u00e3o voltados \u00e0 valoriza\u00e7\u00e3o das pessoas, e n\u00e3o dirigidos \u00e0 simples acumula\u00e7\u00e3o de capital. Baseada no trabalho coletivo e na sustentabilidade de suas a\u00e7\u00f5es, ela valoriza o respeito ao meio ambiente e a id\u00e9ia de que o trabalho tem uma perspectiva libertadora.<\/p>\n<p style=\"text-align: justify\">Hoje existem em Santa Catarina mais de 1 mil iniciativas solid\u00e1rias, desde associa\u00e7\u00f5es de artes\u00e3os e artes\u00e3s, at\u00e9 cooperativas de agricultores e agricultoras, todas alcan\u00e7ando resultados significativos, mesmo sem uma pol\u00edtica estadual voltada ao setor.<\/p>\n<p style=\"text-align: justify\">\u201cEsperamos que esta confer\u00eancia reconhe\u00e7a a economia solid\u00e1ria como uma proposta de pol\u00edtica p\u00fablica e que seja reconhecida enquanto uma estrat\u00e9gia de desenvolvimento sustent\u00e1vel\u201d, afirma Fernando Batista, representante da A\u00e7\u00e3o Social Arquidiocesana, uma das entidades que comp\u00f5e a Comiss\u00e3o de Organiza\u00e7\u00e3o da Confer\u00eancia no estado.<\/p>\n<p style=\"text-align: justify\">Para Fernando, outro resultado esperado no debate \u00e9 a amplia\u00e7\u00e3o de atores sociais no processo de formula\u00e7\u00e3o de pol\u00edticas voltadas \u00e0 economia solid\u00e1ria, al\u00e9m dos que j\u00e1 integram o F\u00f3rum Regional.<\/p>\n<p style=\"text-align: justify\">Mais informa\u00e7\u00f5es com Fernando An\u00edsio Batista, pelo fone (48) 8808-8795.<\/p>\n","protected":false},"excerpt":{"rendered":"<p>Florian\u00f3polis vai abrir nesta quinta-feira, 8, a s\u00e9rie de oito Confer\u00eancias Regionais de Economia Solid\u00e1ria em Santa Catarina, preparat\u00f3rias \u00e0 etapa estadual, prevista para 24 de abril, tamb\u00e9m na Capital. \u00c9 a segunda vez que todo o Brasil realiza confer\u00eancias oficiais tratando de pol\u00edticas p\u00fablicas relacionadas \u00e0 economia solid\u00e1ria. Os debates iniciam \u00e0s 8h30, na &hellip;<\/p>\n<p class=\"read-more\"> <a class=\"\" href=\"https:\/\/www.cnbb.org.br\/conferencia-de-economia-solidaria-debate-alternativa-viavel-ao-desenvolvimento-sustentavel\/\"> <span class=\"screen-reader-text\">Confer\u00eancia de Economia Solid\u00e1ria debate alternativa vi\u00e1vel ao desenvolvimento sustent\u00e1vel<\/span> Leia mais &raquo;<\/a><\/p>\n","protected":false},"author":83,"featured_media":29095,"comment_status":"open","ping_status":"open","sticky":false,"template":"","format":"standard","meta":{"site-sidebar-layout":"default","site-content-layout":"default","ast-global-header-display":"","ast-banner-title-visibility":"","ast-main-header-display":"","ast-hfb-above-header-display":"","ast-hfb-below-header-display":"","ast-hfb-mobile-header-display":"","site-post-title":"","ast-breadcrumbs-content":"","ast-featured-img":"","footer-sml-layout":"","theme-transparent-header-meta":"","adv-header-id-meta":"","stick-header-meta":"","header-above-stick-meta":"","header-main-stick-meta":"","header-below-stick-meta":""},"categories":[863],"tags":[],"acf":[],"_links":{"self":[{"href":"https:\/\/www.cnbb.org.br\/cnbb-app\/wp\/v2\/posts\/29094"}],"collection":[{"href":"https:\/\/www.cnbb.org.br\/cnbb-app\/wp\/v2\/posts"}],"about":[{"href":"https:\/\/www.cnbb.org.br\/cnbb-app\/wp\/v2\/types\/post"}],"author":[{"embeddable":true,"href":"https:\/\/www.cnbb.org.br\/cnbb-app\/wp\/v2\/users\/83"}],"replies":[{"embeddable":true,"href":"https:\/\/www.cnbb.org.br\/cnbb-app\/wp\/v2\/comments?post=29094"}],"version-history":[{"count":0,"href":"https:\/\/www.cnbb.org.br\/cnbb-app\/wp\/v2\/posts\/29094\/revisions"}],"wp:featuredmedia":[{"embeddable":true,"href":"https:\/\/www.cnbb.org.br\/cnbb-app\/wp\/v2\/media\/29095"}],"wp:attachment":[{"href":"https:\/\/www.cnbb.org.br\/cnbb-app\/wp\/v2\/media?parent=29094"}],"wp:term":[{"taxonomy":"category","embeddable":true,"href":"https:\/\/www.cnbb.org.br\/cnbb-app\/wp\/v2\/categories?post=29094"},{"taxonomy":"post_tag","embeddable":true,"href":"https:\/\/www.cnbb.org.br\/cnbb-app\/wp\/v2\/tags?post=29094"}],"curies":[{"name":"wp","href":"https:\/\/api.w.org\/{rel}","templated":true}]}}