{"id":29097,"date":"2010-04-09T00:00:00","date_gmt":"2010-04-09T03:00:00","guid":{"rendered":"https:\/\/www.cnbb.org.br\/seminario-debate-a-vitalidade-de-cebs-na-igreja-do-brasil\/"},"modified":"2020-03-11T17:12:36","modified_gmt":"2020-03-11T20:12:36","slug":"seminario-debate-a-vitalidade-de-cebs-na-igreja-do-brasil","status":"publish","type":"post","link":"https:\/\/www.cnbb.org.br\/seminario-debate-a-vitalidade-de-cebs-na-igreja-do-brasil\/","title":{"rendered":"Semin\u00e1rio debate a vitalidade das CEBs na Igreja do Brasil"},"content":{"rendered":"<p style=\"text-align: justify\">Aconteceu em Petr\u00f3polis (RJ), entre os dias 8 e 9, na Vila Santo Ant\u00f4nio In\u00e1cio, um semin\u00e1rio de estudos sobre a presen\u00e7a das Comunidades Eclesiais de Base (CEBs) na Igreja do Brasil. A vitalidade das CEBs na Igreja foi o principal objetivo do semin\u00e1rio.<\/p>\n<p>  <!--more-->  <\/p>\n<p style=\"text-align: justify\">Para o respons\u00e1vel pelo setor de Pastoral do ISER Assessoria e um dos coordenadores do evento, Francisco Orofino, o semin\u00e1rio tinha dois objetivos b\u00e1sicos. O primeiro era fazer uma reflex\u00e3o sobre o atual momento das CEBs, produzindo algum subs\u00eddio em vista da pr\u00f3xima Assembl\u00e9ia Geral da CNBB, que acontece entre os dias 4 e 10 e maio, na qual as CEBs ser\u00e3o tema priorit\u00e1rio. Em segundo lugar, a Confer\u00eancia de Aparecida trouxe novamente as Comunidades de Base para a pauta do dia da Igreja no Brasil e da Am\u00e9rica Latina. \u201cEste semin\u00e1rio procura dar uma resposta a este desafio, repensando e propondo as CEBs como \u2018Igreja na Base\u201d\u2019, disse Orofino.<\/p>\n<p style=\"text-align: justify\">O primeiro dia dedicado aos \u201ccen\u00e1rios\u201d das CEBs no Brasil. Foi apontada a mudan\u00e7a de horizonte cultural: \u201cSe no passado as CEBs tinham uma preocupa\u00e7\u00e3o eminentemente de milit\u00e2ncia pol\u00edtica, hoje as CEBs precisam caminhar no enfrentamento de uma cultura dominante neoliberal, individualista, consumista, em um contexto s\u00f3cio-pol\u00edtico-econ\u00f4mico muito diferente do in\u00edcio das CEBs\u201d, foi frisado durante o Semin\u00e1rio.<\/p>\n<p style=\"text-align: justify\">Para o bispo de Valen\u00e7a (RJ) e respons\u00e1vel das CEBs do Regional Leste 1 da CNBB (Rio de Janeiro) dom Elias Manning, foi feliz a escolha pelo Conselho Permanente da CNBB das CEBs como tema priorit\u00e1rio da pr\u00f3xima Assembleia, porque o pr\u00f3prio Jesus quis iniciar sua miss\u00e3o formando uma \u201ccomunidade de base\u201d com os seus 12 ap\u00f3stolos. \u201cN\u00f3s precisamos valorizar as experi\u00eancias das comunidades de base, das pequenas comunidades, porque nas grandes par\u00f3quias n\u00e3o h\u00e1 conhecimento m\u00fatuo entre os fi\u00e9is. As pessoas se sentam uma ao lado da outra, mas n\u00e3o se conhecem e, assim, fica dif\u00edcil viver o Evangelho\u201d.<\/p>\n<p style=\"text-align: justify\">De acordo com o bispo, ao trazer este tema para a Assembleia, a CNBB retoma a aut\u00eantica viv\u00eancia crist\u00e3. \u201cN\u00e3o \u00e9 novidade nenhuma de que esta experi\u00eancia vem desde o tempo de Jesus\u201d. Para ele, a import\u00e2ncia deste semin\u00e1rio est\u00e1 no fato de debater a realidade das CEBs e mostrar que elas n\u00e3o acabaram, mas que mudaram seu feitio. \u201cN\u00e3o \u00e9 caso de morte, mas uma adapta\u00e7\u00e3o para este \u00e9poca, para novas realidades\u201d, afirmou dom Elias.<\/p>\n<p style=\"text-align: justify\">No segundo dia foram discutidas as perspectivas das CEBs onde se percebe que, antes de qualquer coisa, a \u201cIgreja \u00e9 comunidade\u201d e que muitas outras experi\u00eancias est\u00e3o surgindo no Brasil dando um novo rosto a elas.<\/p>\n<p style=\"text-align: justify\">O ISER Assessoria pretende dar outros passos ap\u00f3s este Semin\u00e1rio: a produ\u00e7\u00e3o de um relat\u00f3rio deste semin\u00e1rio e a continua\u00e7\u00e3o de um programa de pesquisas sobre a presen\u00e7a das CEBs na Igreja do Brasil.<\/p>\n<p style=\"text-align: justify\">O semin\u00e1rio contou com a presen\u00e7a do bispo de Valen\u00e7a e respons\u00e1vel pelas CEBs no regional Leste 1, dom Elias Manning; do assessor do Setor CEBs da CNBB, professor S\u00e9rgio Coutinho; e de mais outras 20 pessoas, entre elas, membros da Ampliada Nacional das CEBs, dos assessores nacionais: professora Tereza Cavalcanti e padre Benedito Ferraro, al\u00e9m de outros assessores que acompanham h\u00e1 muitos anos a caminhada das CEBs no Brasil.<\/p>\n","protected":false},"excerpt":{"rendered":"<p>Aconteceu em Petr\u00f3polis (RJ), entre os dias 8 e 9, na Vila Santo Ant\u00f4nio In\u00e1cio, um semin\u00e1rio de estudos sobre a presen\u00e7a das Comunidades Eclesiais de Base (CEBs) na Igreja do Brasil. A vitalidade das CEBs na Igreja foi o principal objetivo do semin\u00e1rio.<\/p>\n","protected":false},"author":83,"featured_media":15577,"comment_status":"open","ping_status":"open","sticky":false,"template":"","format":"standard","meta":{"site-sidebar-layout":"default","site-content-layout":"default","ast-global-header-display":"","ast-banner-title-visibility":"","ast-main-header-display":"","ast-hfb-above-header-display":"","ast-hfb-below-header-display":"","ast-hfb-mobile-header-display":"","site-post-title":"","ast-breadcrumbs-content":"","ast-featured-img":"","footer-sml-layout":"","theme-transparent-header-meta":"","adv-header-id-meta":"","stick-header-meta":"","header-above-stick-meta":"","header-main-stick-meta":"","header-below-stick-meta":""},"categories":[863],"tags":[],"acf":[],"_links":{"self":[{"href":"https:\/\/www.cnbb.org.br\/cnbb-app\/wp\/v2\/posts\/29097"}],"collection":[{"href":"https:\/\/www.cnbb.org.br\/cnbb-app\/wp\/v2\/posts"}],"about":[{"href":"https:\/\/www.cnbb.org.br\/cnbb-app\/wp\/v2\/types\/post"}],"author":[{"embeddable":true,"href":"https:\/\/www.cnbb.org.br\/cnbb-app\/wp\/v2\/users\/83"}],"replies":[{"embeddable":true,"href":"https:\/\/www.cnbb.org.br\/cnbb-app\/wp\/v2\/comments?post=29097"}],"version-history":[{"count":0,"href":"https:\/\/www.cnbb.org.br\/cnbb-app\/wp\/v2\/posts\/29097\/revisions"}],"wp:featuredmedia":[{"embeddable":true,"href":"https:\/\/www.cnbb.org.br\/cnbb-app\/wp\/v2\/media\/15577"}],"wp:attachment":[{"href":"https:\/\/www.cnbb.org.br\/cnbb-app\/wp\/v2\/media?parent=29097"}],"wp:term":[{"taxonomy":"category","embeddable":true,"href":"https:\/\/www.cnbb.org.br\/cnbb-app\/wp\/v2\/categories?post=29097"},{"taxonomy":"post_tag","embeddable":true,"href":"https:\/\/www.cnbb.org.br\/cnbb-app\/wp\/v2\/tags?post=29097"}],"curies":[{"name":"wp","href":"https:\/\/api.w.org\/{rel}","templated":true}]}}