{"id":29104,"date":"2010-04-20T00:00:00","date_gmt":"2010-04-20T03:00:00","guid":{"rendered":"https:\/\/www.cnbb.org.br\/inscricoes-abertas-para-o-curso-de-pos-graduacao-em-direitos-humanos\/"},"modified":"2020-03-11T17:12:35","modified_gmt":"2020-03-11T20:12:35","slug":"inscricoes-abertas-para-o-curso-de-pos-graduacao-em-direitos-humanos","status":"publish","type":"post","link":"https:\/\/www.cnbb.org.br\/inscricoes-abertas-para-o-curso-de-pos-graduacao-em-direitos-humanos\/","title":{"rendered":"Inscri\u00e7\u00f5es abertas para o curso de P\u00f3s-gradua\u00e7\u00e3o em Direitos Humanos"},"content":{"rendered":"<p style=\"text-align: justify\">O Instituto Dominicano de Justi\u00e7a e Paz do Brasil Ant\u00f4nio Montesino, em Porto Nacional (TO) e em Uberaba (MG), est\u00e1 promovendo o curso de P\u00f3s-gradua\u00e7\u00e3o, especializa\u00e7\u00e3o em Direitos Humanos. O curso tem a chancela da Pontif\u00edcia Universidade Cat\u00f3lica de Goi\u00e1s (PUC-GO).<\/p>\n<p>  <!--more-->  <\/p>\n<p style=\"text-align: justify\">O Instituto \u00e9 uma entidade composta por religiosas, frades e leigos, que atuam em 19 estados do Brasil e tem como miss\u00e3o servir a Igreja, a Movimentos Sociais e \u00e0 sociedade. O seu trabalho \u00e9 guiado pela constru\u00e7\u00e3o da Paz como fruto da Justi\u00e7a na perspectiva dos Direitos Humanos, em particular dos Direitos Sociais.<\/p>\n<p style=\"text-align: justify\">Segundo os organizadores do curso, a Comiss\u00e3o Dominicana de Justi\u00e7a e Paz do Brasil, ao longo de seus 21 anos de exist\u00eancia, tem diagnosticado uma demanda muito significativa em busca de forma\u00e7\u00e3o e capacita\u00e7\u00e3o, especialmente na perspectiva dos Direitos Humanos.<\/p>\n<h4 style=\"text-align: justify\">Locais do Curso:<\/h4>\n<p style=\"text-align: justify\">Col\u00e9gio Sagrado Cora\u00e7\u00e3o de Jesus, Rua Joaquim Pereira, 656 \u2013 Centro.\u00a0 Porto Nacional \u2013 TO ou Col\u00e9gio Nossa Senhora das Dores, Rua Madre Maria Jos\u00e9, 75 \u2013 Abadia. Uberaba \u2013 MG.<\/p>\n<h4 style=\"text-align: justify\">Dura\u00e7\u00e3o:<\/h4>\n<p style=\"text-align: justify\">Em Porto Nacional, TO: 12\/7\/2010 a 11\/11\/2011. <br \/>Em Uberaba, MG: 19\/7\/2010 a 18\/11\/2011.<\/p>\n<h4 style=\"text-align: justify\">Inscri\u00e7\u00e3o v\u00e1lida para os dois lugares:<\/h4>\n<p style=\"text-align: justify\">Per\u00edodo: 15 a 30 de abril de 2010. <br \/>Taxa de Inscri\u00e7\u00e3o: R$ 35,00 (trinta e cinco reais).<\/p>\n<h4 style=\"text-align: justify\">Informa\u00e7\u00f5es Gerais:<\/h4>\n<p style=\"text-align: justify\">Comiss\u00e3o Dominicana de Justi\u00e7a e Paz do Brasil <br \/>Av. Goi\u00e1s 174, Edif\u00edcio S\u00e3o Judas Tadeu, sala 601 \u2013 Centro<br \/>74010-010 \u2013 Goi\u00e2nia \u2013 GO <br \/>Telefone: 62 3229 3014\u00a0\u00a0\u00a0\u00a0\u00a0\u00a0\u00a0\u00a0\u00a0 Fax: 62 3225 9491<br \/>e-mail: justpaz@dominicanos.org.br <br \/>skype: juspazopgyn<\/p>\n","protected":false},"excerpt":{"rendered":"<p>O Instituto Dominicano de Justi\u00e7a e Paz do Brasil Ant\u00f4nio Montesino, em Porto Nacional (TO) e em Uberaba (MG), est\u00e1 promovendo o curso de P\u00f3s-gradua\u00e7\u00e3o, especializa\u00e7\u00e3o em Direitos Humanos. O curso tem a chancela da Pontif\u00edcia Universidade Cat\u00f3lica de Goi\u00e1s (PUC-GO).<\/p>\n","protected":false},"author":83,"featured_media":29105,"comment_status":"open","ping_status":"open","sticky":false,"template":"","format":"standard","meta":{"site-sidebar-layout":"default","site-content-layout":"default","ast-global-header-display":"","ast-banner-title-visibility":"","ast-main-header-display":"","ast-hfb-above-header-display":"","ast-hfb-below-header-display":"","ast-hfb-mobile-header-display":"","site-post-title":"","ast-breadcrumbs-content":"","ast-featured-img":"","footer-sml-layout":"","theme-transparent-header-meta":"","adv-header-id-meta":"","stick-header-meta":"","header-above-stick-meta":"","header-main-stick-meta":"","header-below-stick-meta":""},"categories":[863],"tags":[],"acf":[],"_links":{"self":[{"href":"https:\/\/www.cnbb.org.br\/cnbb-app\/wp\/v2\/posts\/29104"}],"collection":[{"href":"https:\/\/www.cnbb.org.br\/cnbb-app\/wp\/v2\/posts"}],"about":[{"href":"https:\/\/www.cnbb.org.br\/cnbb-app\/wp\/v2\/types\/post"}],"author":[{"embeddable":true,"href":"https:\/\/www.cnbb.org.br\/cnbb-app\/wp\/v2\/users\/83"}],"replies":[{"embeddable":true,"href":"https:\/\/www.cnbb.org.br\/cnbb-app\/wp\/v2\/comments?post=29104"}],"version-history":[{"count":0,"href":"https:\/\/www.cnbb.org.br\/cnbb-app\/wp\/v2\/posts\/29104\/revisions"}],"wp:featuredmedia":[{"embeddable":true,"href":"https:\/\/www.cnbb.org.br\/cnbb-app\/wp\/v2\/media\/29105"}],"wp:attachment":[{"href":"https:\/\/www.cnbb.org.br\/cnbb-app\/wp\/v2\/media?parent=29104"}],"wp:term":[{"taxonomy":"category","embeddable":true,"href":"https:\/\/www.cnbb.org.br\/cnbb-app\/wp\/v2\/categories?post=29104"},{"taxonomy":"post_tag","embeddable":true,"href":"https:\/\/www.cnbb.org.br\/cnbb-app\/wp\/v2\/tags?post=29104"}],"curies":[{"name":"wp","href":"https:\/\/api.w.org\/{rel}","templated":true}]}}