{"id":29109,"date":"2010-04-28T00:00:00","date_gmt":"2010-04-28T03:00:00","guid":{"rendered":"https:\/\/www.cnbb.org.br\/camara-dos-deputados-vai-votar-pela-urgencia-urgentissima-do-projeto-ficha-limpa-na-terca-feira\/"},"modified":"2020-03-11T17:12:34","modified_gmt":"2020-03-11T20:12:34","slug":"camara-dos-deputados-vai-votar-pela-urgencia-urgentissima-do-projeto-ficha-limpa-na-terca-feira","status":"publish","type":"post","link":"https:\/\/www.cnbb.org.br\/camara-dos-deputados-vai-votar-pela-urgencia-urgentissima-do-projeto-ficha-limpa-na-terca-feira\/","title":{"rendered":"C\u00e2mara dos Deputados vai votar pela \u2018urg\u00eancia urgent\u00edssima\u2019 do Projeto Ficha Limpa na ter\u00e7a-feira"},"content":{"rendered":"<\/p>\n<p style=\"text-align: justify\">O presidente da C\u00e2mara dos Deputados, Michel Temer, afirmou na tarde desta quarta-feira, 28, que ser\u00e1 votado em plen\u00e1rio, na ter\u00e7a-feira, 4 de maio, em regime de urg\u00eancia urgent\u00edssima, um requerimento para o Projeto Ficha Limpa (PLP 518\/09). A apresenta\u00e7\u00e3o do requerimento de urg\u00eancia foi divulgada durante reuni\u00e3o com Michel Temer, as entidades que integram o Movimento de Combate \u00e0 Corrup\u00e7\u00e3o Eleitoral (MCCE) e l\u00edderes dos partidos.<\/p>\n<p>  <!--more-->  <\/p>\n<p style=\"text-align: justify\">Durante a reuni\u00e3o, Temer afirmou ser mais vi\u00e1vel votar o projeto na ter\u00e7a-feira, uma vez que a apresenta\u00e7\u00e3o do requerimento aconteceu hoje, quando alguns l\u00edderes de partidos assinaram a favor do projeto. \u201cComo algumas assinaturas em favor do Projeto foram feitas hoje, acredito ser mais prudente deixar para votar em plen\u00e1rio na ter\u00e7a-feira, uma vez que alguns parlamentares ainda est\u00e3o se manifestando\u201d, disse Temer. Houve aplausos quando foi confirmada a assinatura do PMDB, que aconteceu hoje.<\/p>\n<p style=\"text-align: justify\">O presidente da C\u00e2mara tamb\u00e9m reafirmou sua preocupa\u00e7\u00e3o com os prazos para a vota\u00e7\u00e3o; isso porque o projeto tem at\u00e9 o dia 6 de junho para ser aprovado e sancionado, para valer para as elei\u00e7\u00f5es presidenciais de 2010. Temer sugeriu press\u00e3o dos l\u00edderes junto aos seus partidos, bem como da sociedade brasileira. \u201cOs prazos s\u00e3o apertados e temos que trabalhar nos partidos para que n\u00e3o tenhamos surpresas na vota\u00e7\u00e3o da ter\u00e7a-feira\u201d, advertiu o presidente.<\/p>\n<p><img decoding=\"async\" loading=\"lazy\" class=\" alignright size-full wp-image-3933\" style=\"float: right\" alt=\"domdimaslara\" src=\"https:\/\/www.cnbb.org.br\/wp-content\/uploads\/2020\/03\/domdimaslara.jpg\" width=\"200\" height=\"275\" \/><\/p>\n<p style=\"text-align: justify\">Questionado sobre os prazos \u201capertados\u201d, o secret\u00e1rio geral da Confer\u00eancia Nacional dos Bispos do Brasil (CNBB) dom Dimas Lara Barbosa, que tamb\u00e9m participou da reuni\u00e3o, destacou que os prazos s\u00e3o curtos, mas que ainda h\u00e1 tempo de fazer valer a aprova\u00e7\u00e3o e san\u00e7\u00e3o do Projeto Ficha Limpa para as pr\u00f3ximas elei\u00e7\u00f5es. \u201cO tempo \u00e9 curto, mas estamos otimistas e acreditamos que o Projeto ser\u00e1 aprovado para as elei\u00e7\u00f5es de 2010\u201d, disse dom Dimas. Ele tamb\u00e9m destacou que o MCCE j\u00e1 come\u00e7ou a articula\u00e7\u00e3o com os senadores, para que o projeto seja aprovado tamb\u00e9m pela Casa. \u201cN\u00f3s j\u00e1 come\u00e7amos a trabalhar junto aos senadores, e acredito que eles tamb\u00e9m ser\u00e3o favor\u00e1veis a aprova\u00e7\u00e3o da Ficha Limpa\u201d. Dom Dimas n\u00e3o retirou a hip\u00f3tese de haver surpresas na ter\u00e7a-feira. \u201cTudo est\u00e1 sendo bem encaminhado, mas \u00e9 preciso tamb\u00e9m observar que ainda existem deputados contra a aprova\u00e7\u00e3o do projeto\u201d, frisou o bispo.<\/p>\n<p style=\"text-align: justify\">Para que o Projeto seja aprovado no pr\u00f3ximo dia 4, ter\u00e7a-feira, 257 deputados ter\u00e3o que votar a favor em vota\u00e7\u00e3o nominal aberta. Fator que n\u00e3o preocupa o MCCE porque os partidos que assinaram em favor do requerimento ultrapassa o n\u00famero de 300 parlamentares.<\/p>\n<h4 style=\"text-align: justify\">Otimismo e emo\u00e7\u00e3o<\/h4>\n<p><img decoding=\"async\" loading=\"lazy\" class=\" alignright size-full wp-image-3934\" style=\"float: right\" alt=\"danielseidel\" src=\"https:\/\/www.cnbb.org.br\/wp-content\/uploads\/2020\/03\/danielseidel.jpg\" width=\"200\" height=\"275\" \/><\/p>\n<p style=\"text-align: justify\">Na avalia\u00e7\u00e3o do membro do Movimento de Combate \u00e0 Corrup\u00e7\u00e3o Eleitoral (MCCE), e secret\u00e1rio executivo da Comiss\u00e3o Brasileira de Justi\u00e7a e Paz (CBJP), organismo vinculado \u00e0 CNBB, Daniel Seidel, o Projeto tem reais chances de passar pelo crivo da C\u00e2mara dos Deputados na ter\u00e7a-feira. Emocionado, ele agradeceu o empenho do deputado Michel Temer em levar adiante o Projeto, \u201csempre de maneira urgente\u201d. Ele tamb\u00e9m destacou o empenho dos deputados em alavancar o Projeto Ficha Limpa de forma democr\u00e1tica e discutida com o grupo de trabalho, os movimentos e a Comiss\u00e3o de Constitui\u00e7\u00e3o e Justi\u00e7a (CCJ). \u201c\u00c9 essa a democracia que queremos e lutamos. Esse\u00a0 \u00e9 o di\u00e1logo fraterno que o esp\u00edrito da democracia precisa. Acreditamos que o Projeto vai ser aprovado porque \u00e9 uma causa da sociedade brasileira e a C\u00e2mara n\u00e3o est\u00e1 levando o Projeto Ficha Limpa para o lado partid\u00e1rio, mas de maneira dialogada. Parab\u00e9ns \u00e0 CCJ, aos deputados e ao di\u00e1logo travado em torno do Projeto\u201d, sublinhou Seidel.<\/p>\n","protected":false},"excerpt":{"rendered":"<p>O presidente da C\u00e2mara dos Deputados, Michel Temer, afirmou na tarde desta quarta-feira, 28, que ser\u00e1 votado em plen\u00e1rio, na ter\u00e7a-feira, 4 de maio, em regime de urg\u00eancia urgent\u00edssima, um requerimento para o Projeto Ficha Limpa (PLP 518\/09). A apresenta\u00e7\u00e3o do requerimento de urg\u00eancia foi divulgada durante reuni\u00e3o com Michel Temer, as entidades que integram &hellip;<\/p>\n<p class=\"read-more\"> <a class=\"\" href=\"https:\/\/www.cnbb.org.br\/camara-dos-deputados-vai-votar-pela-urgencia-urgentissima-do-projeto-ficha-limpa-na-terca-feira\/\"> <span class=\"screen-reader-text\">C\u00e2mara dos Deputados vai votar pela \u2018urg\u00eancia urgent\u00edssima\u2019 do Projeto Ficha Limpa na ter\u00e7a-feira<\/span> Leia mais &raquo;<\/a><\/p>\n","protected":false},"author":83,"featured_media":29110,"comment_status":"open","ping_status":"open","sticky":false,"template":"","format":"standard","meta":{"site-sidebar-layout":"default","site-content-layout":"default","ast-global-header-display":"","ast-banner-title-visibility":"","ast-main-header-display":"","ast-hfb-above-header-display":"","ast-hfb-below-header-display":"","ast-hfb-mobile-header-display":"","site-post-title":"","ast-breadcrumbs-content":"","ast-featured-img":"","footer-sml-layout":"","theme-transparent-header-meta":"","adv-header-id-meta":"","stick-header-meta":"","header-above-stick-meta":"","header-main-stick-meta":"","header-below-stick-meta":""},"categories":[863],"tags":[],"acf":[],"_links":{"self":[{"href":"https:\/\/www.cnbb.org.br\/cnbb-app\/wp\/v2\/posts\/29109"}],"collection":[{"href":"https:\/\/www.cnbb.org.br\/cnbb-app\/wp\/v2\/posts"}],"about":[{"href":"https:\/\/www.cnbb.org.br\/cnbb-app\/wp\/v2\/types\/post"}],"author":[{"embeddable":true,"href":"https:\/\/www.cnbb.org.br\/cnbb-app\/wp\/v2\/users\/83"}],"replies":[{"embeddable":true,"href":"https:\/\/www.cnbb.org.br\/cnbb-app\/wp\/v2\/comments?post=29109"}],"version-history":[{"count":0,"href":"https:\/\/www.cnbb.org.br\/cnbb-app\/wp\/v2\/posts\/29109\/revisions"}],"wp:featuredmedia":[{"embeddable":true,"href":"https:\/\/www.cnbb.org.br\/cnbb-app\/wp\/v2\/media\/29110"}],"wp:attachment":[{"href":"https:\/\/www.cnbb.org.br\/cnbb-app\/wp\/v2\/media?parent=29109"}],"wp:term":[{"taxonomy":"category","embeddable":true,"href":"https:\/\/www.cnbb.org.br\/cnbb-app\/wp\/v2\/categories?post=29109"},{"taxonomy":"post_tag","embeddable":true,"href":"https:\/\/www.cnbb.org.br\/cnbb-app\/wp\/v2\/tags?post=29109"}],"curies":[{"name":"wp","href":"https:\/\/api.w.org\/{rel}","templated":true}]}}