{"id":29121,"date":"2010-05-17T00:00:00","date_gmt":"2010-05-17T03:00:00","guid":{"rendered":"https:\/\/www.cnbb.org.br\/cartilha-eleitoral-eleicoes-2010-o-chao-e-o-horizonte-ja-esta-a-venda\/"},"modified":"2020-03-11T17:12:33","modified_gmt":"2020-03-11T20:12:33","slug":"cartilha-eleitoral-eleicoes-2010-o-chao-e-o-horizonte-ja-esta-a-venda","status":"publish","type":"post","link":"https:\/\/www.cnbb.org.br\/cartilha-eleitoral-eleicoes-2010-o-chao-e-o-horizonte-ja-esta-a-venda\/","title":{"rendered":"Cartilha eleitoral \u201cElei\u00e7\u00f5es 2010: O ch\u00e3o e o horizonte\u201d j\u00e1 est\u00e1 \u00e0 venda"},"content":{"rendered":"<p style=\"text-align: justify\">\u201cElei\u00e7\u00f5es 2010: O ch\u00e3o e o horizonte\u201d, este \u00e9 o nome da cartilha eleitoral que servir\u00e1 de subs\u00eddio ao eleitor e tamb\u00e9m de prepara\u00e7\u00e3o das elei\u00e7\u00f5es de 2010. A cartilha foi elaborada pelo Conselho Nacional dos Leigos\/as do Brasil (CNLB); Comiss\u00e3o Brasileira de Justi\u00e7a e Paz (CBJP); Centro Nacional de F\u00e9 e Pol\u00edtica \u201cDom Helder C\u00e2mara\u201d (CEFEP); Instituto Brasileiro de Desenvolvimento (IBRADES) e Pastorais Sociais da CNBB.<\/p>\n<p>  <!--more-->  <\/p>\n<p style=\"text-align: justify\">Para fazer o pedido da cartilha, o interessado deve entrar em contato com a editora Scala nos telefones (62) 4008-2350 08007038353; pela internet no site cpp@cpp.com.br, ou no e-mail:vendas@cpp.com.br. O pre\u00e7o da cartilha por unidade e de R$ 1,00.<\/p>\n","protected":false},"excerpt":{"rendered":"<p>\u201cElei\u00e7\u00f5es 2010: O ch\u00e3o e o horizonte\u201d, este \u00e9 o nome da cartilha eleitoral que servir\u00e1 de subs\u00eddio ao eleitor e tamb\u00e9m de prepara\u00e7\u00e3o das elei\u00e7\u00f5es de 2010. A cartilha foi elaborada pelo Conselho Nacional dos Leigos\/as do Brasil (CNLB); Comiss\u00e3o Brasileira de Justi\u00e7a e Paz (CBJP); Centro Nacional de F\u00e9 e Pol\u00edtica \u201cDom Helder &hellip;<\/p>\n<p class=\"read-more\"> <a class=\"\" href=\"https:\/\/www.cnbb.org.br\/cartilha-eleitoral-eleicoes-2010-o-chao-e-o-horizonte-ja-esta-a-venda\/\"> <span class=\"screen-reader-text\">Cartilha eleitoral \u201cElei\u00e7\u00f5es 2010: O ch\u00e3o e o horizonte\u201d j\u00e1 est\u00e1 \u00e0 venda<\/span> Leia mais &raquo;<\/a><\/p>\n","protected":false},"author":83,"featured_media":29122,"comment_status":"open","ping_status":"open","sticky":false,"template":"","format":"standard","meta":{"site-sidebar-layout":"default","site-content-layout":"default","ast-global-header-display":"","ast-banner-title-visibility":"","ast-main-header-display":"","ast-hfb-above-header-display":"","ast-hfb-below-header-display":"","ast-hfb-mobile-header-display":"","site-post-title":"","ast-breadcrumbs-content":"","ast-featured-img":"","footer-sml-layout":"","theme-transparent-header-meta":"","adv-header-id-meta":"","stick-header-meta":"","header-above-stick-meta":"","header-main-stick-meta":"","header-below-stick-meta":""},"categories":[863],"tags":[],"acf":[],"_links":{"self":[{"href":"https:\/\/www.cnbb.org.br\/cnbb-app\/wp\/v2\/posts\/29121"}],"collection":[{"href":"https:\/\/www.cnbb.org.br\/cnbb-app\/wp\/v2\/posts"}],"about":[{"href":"https:\/\/www.cnbb.org.br\/cnbb-app\/wp\/v2\/types\/post"}],"author":[{"embeddable":true,"href":"https:\/\/www.cnbb.org.br\/cnbb-app\/wp\/v2\/users\/83"}],"replies":[{"embeddable":true,"href":"https:\/\/www.cnbb.org.br\/cnbb-app\/wp\/v2\/comments?post=29121"}],"version-history":[{"count":0,"href":"https:\/\/www.cnbb.org.br\/cnbb-app\/wp\/v2\/posts\/29121\/revisions"}],"wp:featuredmedia":[{"embeddable":true,"href":"https:\/\/www.cnbb.org.br\/cnbb-app\/wp\/v2\/media\/29122"}],"wp:attachment":[{"href":"https:\/\/www.cnbb.org.br\/cnbb-app\/wp\/v2\/media?parent=29121"}],"wp:term":[{"taxonomy":"category","embeddable":true,"href":"https:\/\/www.cnbb.org.br\/cnbb-app\/wp\/v2\/categories?post=29121"},{"taxonomy":"post_tag","embeddable":true,"href":"https:\/\/www.cnbb.org.br\/cnbb-app\/wp\/v2\/tags?post=29121"}],"curies":[{"name":"wp","href":"https:\/\/api.w.org\/{rel}","templated":true}]}}