{"id":29134,"date":"2010-06-08T00:00:00","date_gmt":"2010-06-08T03:00:00","guid":{"rendered":"https:\/\/www.cnbb.org.br\/comissao-justica-e-paz-debate-violencia-contra-menores-no-estado-do-para\/"},"modified":"2020-03-11T17:12:31","modified_gmt":"2020-03-11T20:12:31","slug":"comissao-justica-e-paz-debate-violencia-contra-menores-no-estado-do-para","status":"publish","type":"post","link":"https:\/\/www.cnbb.org.br\/comissao-justica-e-paz-debate-violencia-contra-menores-no-estado-do-para\/","title":{"rendered":"Comiss\u00e3o Justi\u00e7a e Paz debate viol\u00eancia contra menores no estado do Par\u00e1"},"content":{"rendered":"<p style=\"text-align: justify\">Come\u00e7ou nesta segunda-feira, 7, em Bel\u00e9m (PA), o Semin\u00e1rio \u201cViol\u00eancia contra crian\u00e7as e adolescentes: legisla\u00e7\u00e3o e desafios\u201d. O evento acontece no Centro de Conven\u00e7\u00f5es e Feiras da Amaz\u00f4nia. O Semin\u00e1rio trata da atua\u00e7\u00e3o das Comiss\u00f5es Parlamentares de Inqu\u00e9ritos (CPI&#8217;s) da Pedofilia que est\u00e3o em andamento tanto no Senado Federal quanto na Assembl\u00e9ia Legislativa do Par\u00e1. O evento trata tamb\u00e9m das pol\u00edticas p\u00fablicas existentes na defesa das crian\u00e7as e dos adolescentes na regi\u00e3o.<\/p>\n<p>  <!--more-->  <\/p>\n<p style=\"text-align: justify\">Para Sttefen Von Grap II, advogado da Comiss\u00e3o Justi\u00e7a e Paz em Bel\u00e9m, uma das entidades organizadoras do evento, o Semin\u00e1rio tem import\u00e2ncia fundamental, &#8220;primeiramente para conscientizar a sociedade da problem\u00e1tica e dos desafios referentes \u00e0 explora\u00e7\u00e3o sexual infanto-juvenil no Brasil e, seguindo esta mesma dire\u00e7\u00e3o, aproveitar a oportunidade para apresentar as provid\u00eancias tomadas pelas CPI&#8217;s nacional e estadual em rela\u00e7\u00e3o ao assunto&#8221;.<\/p>\n<p style=\"text-align: justify\">Durante o Semin\u00e1rio h\u00e1 discuss\u00f5es sobre as recentes altera\u00e7\u00f5es legislativas a respeito da tem\u00e1tica da pedofilia. De acordo com Sttefen, houve avan\u00e7os na quest\u00e3o legislativa, como a altera\u00e7\u00e3o do C\u00f3digo Penal trazida pela Lei 12.015\/2009. &#8220;At\u00e9 ent\u00e3o a pedofilia representava apenas uma agravante de dois outros crimes: o estupro (quando havido conjun\u00e7\u00e3o carnal) e o atentado violento ao pudor (que \u00e9 qualquer outro ato libidinoso diverso da conjun\u00e7\u00e3o carnal). Ap\u00f3s a atualiza\u00e7\u00e3o, criou-se o crime de estupro de vulner\u00e1vel, juntando \u00e0queles dois elementos (conjun\u00e7\u00e3o carnal e ato libidinoso) em apenas um tipo penal: o artigo 217-A, que assim passou a descrever: ter conjun\u00e7\u00e3o carnal ou praticar outro ato libidinoso com menor de 14 (catorze) anos. O aumento da pena para esse crime foi tamb\u00e9m um avan\u00e7o&#8221;, destacou o advogado.<\/p>\n<p style=\"text-align: justify\">Apesar dos avan\u00e7os, o advogado acredita que ainda h\u00e1 o que melhorar. &#8220;Como o tempo de tr\u00e2mite do processo at\u00e9 seu julgamento final, que ainda \u00e9 muito demorado. Seria necess\u00e1ria uma reforma bem estudada do C\u00f3digo de Processo Penal, com participa\u00e7\u00e3o dos mais renomados juristas na \u00e1rea, para que o sistema judicial ficasse mais desburocratizado e \u00e1gil, possibilitando a puni\u00e7\u00e3o dos verdadeiros culpados e a satisfa\u00e7\u00e3o das v\u00edtimas&#8221;.<\/p>\n<p style=\"text-align: justify\">Al\u00e9m da Comiss\u00e3o de Justi\u00e7a e Paz da CNBB Norte 2, participam da organiza\u00e7\u00e3o do evento representantes da CPI da Pedofilia do Senado, e outras entidades que defendem os direitos humanos no estado do Par\u00e1, como a Ordem dos Advogados do Brasil (OAB \u2013 se\u00e7\u00e3o Par\u00e1), o Comit\u00ea estadual de Enfrentamento da Viol\u00eancia Sexual contra Crian\u00e7as e Adolescentes e Cedeca Ema\u00fas.<\/p>\n<p style=\"text-align: justify\"><em><strong><span style=\"font-size: 8pt\">Foto: Divulga\u00e7\u00e3o<\/span><\/strong><\/em><\/p>\n","protected":false},"excerpt":{"rendered":"<p>Come\u00e7ou nesta segunda-feira, 7, em Bel\u00e9m (PA), o Semin\u00e1rio \u201cViol\u00eancia contra crian\u00e7as e adolescentes: legisla\u00e7\u00e3o e desafios\u201d. O evento acontece no Centro de Conven\u00e7\u00f5es e Feiras da Amaz\u00f4nia. O Semin\u00e1rio trata da atua\u00e7\u00e3o das Comiss\u00f5es Parlamentares de Inqu\u00e9ritos (CPI&#8217;s) da Pedofilia que est\u00e3o em andamento tanto no Senado Federal quanto na Assembl\u00e9ia Legislativa do Par\u00e1. &hellip;<\/p>\n<p class=\"read-more\"> <a class=\"\" href=\"https:\/\/www.cnbb.org.br\/comissao-justica-e-paz-debate-violencia-contra-menores-no-estado-do-para\/\"> <span class=\"screen-reader-text\">Comiss\u00e3o Justi\u00e7a e Paz debate viol\u00eancia contra menores no estado do Par\u00e1<\/span> Leia mais &raquo;<\/a><\/p>\n","protected":false},"author":83,"featured_media":29135,"comment_status":"open","ping_status":"open","sticky":false,"template":"","format":"standard","meta":{"site-sidebar-layout":"default","site-content-layout":"default","ast-global-header-display":"","ast-banner-title-visibility":"","ast-main-header-display":"","ast-hfb-above-header-display":"","ast-hfb-below-header-display":"","ast-hfb-mobile-header-display":"","site-post-title":"","ast-breadcrumbs-content":"","ast-featured-img":"","footer-sml-layout":"","theme-transparent-header-meta":"","adv-header-id-meta":"","stick-header-meta":"","header-above-stick-meta":"","header-main-stick-meta":"","header-below-stick-meta":""},"categories":[863],"tags":[],"acf":[],"_links":{"self":[{"href":"https:\/\/www.cnbb.org.br\/cnbb-app\/wp\/v2\/posts\/29134"}],"collection":[{"href":"https:\/\/www.cnbb.org.br\/cnbb-app\/wp\/v2\/posts"}],"about":[{"href":"https:\/\/www.cnbb.org.br\/cnbb-app\/wp\/v2\/types\/post"}],"author":[{"embeddable":true,"href":"https:\/\/www.cnbb.org.br\/cnbb-app\/wp\/v2\/users\/83"}],"replies":[{"embeddable":true,"href":"https:\/\/www.cnbb.org.br\/cnbb-app\/wp\/v2\/comments?post=29134"}],"version-history":[{"count":0,"href":"https:\/\/www.cnbb.org.br\/cnbb-app\/wp\/v2\/posts\/29134\/revisions"}],"wp:featuredmedia":[{"embeddable":true,"href":"https:\/\/www.cnbb.org.br\/cnbb-app\/wp\/v2\/media\/29135"}],"wp:attachment":[{"href":"https:\/\/www.cnbb.org.br\/cnbb-app\/wp\/v2\/media?parent=29134"}],"wp:term":[{"taxonomy":"category","embeddable":true,"href":"https:\/\/www.cnbb.org.br\/cnbb-app\/wp\/v2\/categories?post=29134"},{"taxonomy":"post_tag","embeddable":true,"href":"https:\/\/www.cnbb.org.br\/cnbb-app\/wp\/v2\/tags?post=29134"}],"curies":[{"name":"wp","href":"https:\/\/api.w.org\/{rel}","templated":true}]}}