{"id":29141,"date":"2010-07-06T00:00:00","date_gmt":"2010-07-06T03:00:00","guid":{"rendered":"https:\/\/www.cnbb.org.br\/mutirao-para-a-superacao-da-miseria-e-da-fome-participa-de-campanha-da-onu\/"},"modified":"2020-03-11T17:12:29","modified_gmt":"2020-03-11T20:12:29","slug":"mutirao-para-a-superacao-da-miseria-e-da-fome-participa-de-campanha-da-onu","status":"publish","type":"post","link":"https:\/\/www.cnbb.org.br\/mutirao-para-a-superacao-da-miseria-e-da-fome-participa-de-campanha-da-onu\/","title":{"rendered":"Mutir\u00e3o para a Supera\u00e7\u00e3o da Mis\u00e9ria e da Fome participa de campanha da ONU"},"content":{"rendered":"<p style=\"text-align: justify\">A <em>Food and Agriculture Organization<\/em> (FAO), um departamento da Organiza\u00e7\u00e3o das Na\u00e7\u00f5es Unidas (ONU), respons\u00e1vel pela erradica\u00e7\u00e3o da fome no mundo, acaba de lan\u00e7ar uma campanha mundial de coleta de assinaturas para pressionar a pr\u00f3pria ONU, sobre a exist\u00eancia de 1 bilh\u00e3o e 200 milh\u00f5es de pessoas vivendo em situa\u00e7\u00e3o de fome cr\u00f4nica. A campanha se chama \u201c<em>1billionhungry<\/em>\u201d ou em portugu\u00eas \u201c1 bilh\u00e3o de pessoas vivem com fome cr\u00f4nica e eu estou louco de raiva\u201d.<\/p>\n<p>  <!--more-->  <\/p>\n<p style=\"text-align: justify\">O Conselho de Seguran\u00e7a Alimentar e Nutricional (CONSEA) assumiu o compromisso de divulgar esta campanha. Dom Guilherme Werlang, bispo referencial do Mutir\u00e3o para a Supera\u00e7\u00e3o da Mis\u00e9ria e da Fome da CNBB, juntamente com o secret\u00e1rio do Mutir\u00e3o, padre Nelito Dornelas e a irm\u00e3 Gra\u00e7a Apolin\u00e1rio, do Conselho de Religiosos do Brasil (CRB) e conselheira do CONSEA, se comprometeram em divulgar a campanha nas comunidades religiosas. \u201cPara tanto, solicitamos o empenho de todos na mesma. A campanha est\u00e1 dispon\u00edvel na internet. As pessoas pedem fazer a assinatura via internet ou por meio de uma lista. Esta assinatura \u00e9 simples. N\u00e3o necessita de documentos de identifica\u00e7\u00e3o\u201d, destacou o padre Nelito.<\/p>\n<p style=\"text-align: justify\">O padre ressalta ainda o envio das assinaturas \u00e0 CNBB ou a CRB. \u201cEstamos solicitando tamb\u00e9m que quem abra\u00e7ar esta campanha, tenha a bondade de remeter as listas preenchidas para a CNBB ou para a CRB at\u00e9 o dia 08 de setembro. Elas ser\u00e3o encaminhadas ao CONSEA, que as enviar\u00e1 \u00e0 FAO, para chegarem a ONU at\u00e9 o dia 16 de outubro, dia mundial da alimenta\u00e7\u00e3o\u201d.<\/p>\n<p style=\"text-align: justify\">O s\u00edmbolo da campanha \u00e9 um apito amarelo. A id\u00e9ia \u00e9 encorajar as pessoas a apitar contra a fome. \u201cDever\u00edamos estar furiosos com o vergonhoso fato de que seres humanos ainda sofram de fome\u201d, disse o Diretor Geral da FAO, Jacques Diouf.<\/p>\n<p style=\"text-align: justify\">Se o mundo continuar no mesmo ritmo de redu\u00e7\u00e3o da fome, o Objetivo de Desenvolvimento do Mil\u00eanio de reduzir pela metade o percentual de pessoas com fome at\u00e9 2015 n\u00e3o ser\u00e1 alcan\u00e7ado. De cerca de um bilh\u00e3o de pessoas com fome, 642 milh\u00f5es vivem na \u00c1sia, 265 milh\u00f5es na \u00c1frica Subsaariana, 53 milh\u00f5es na Am\u00e9rica Latina e Caribe, 42 no Oriente M\u00e9dio e Norte da \u00c1frica e 15 milh\u00f5es em pa\u00edses desenvolvidos.<\/p>\n<p style=\"text-align: justify\">Segundo Jos\u00e9 Graziano, diretor da FAO para a Am\u00e9rica Latina e Caribe, esta \u00e9 a \u00fanica regi\u00e3o do Mundo que retrocedeu em n\u00famero de pessoas com fome por causa da crise econ\u00f4mica. Nesta regi\u00e3o, \u201cquem n\u00e3o trabalha n\u00e3o come\u201d. O \u00fanico pa\u00eds que gerou empregos durante a crise foi o Brasil. \u201c\u00c9 um milagre\u201d. Hoje, Am\u00e9rica Latina e Caribe t\u00eam mais pobres e miser\u00e1veis que nos anos oitenta. S\u00e3o 53 milh\u00f5es de famintos quando eram 45 milh\u00f5es em n\u00fameros absolutos. \u201cPerdemos em tr\u00eas anos o que levamos quinze para avan\u00e7ar\u201d. Na Guatemala, h\u00e1 uma crian\u00e7a desnutrida para cada duas. Ao mesmo tempo, aumenta o sobrepeso. \u201cComemos pouco e comemos mal.\u201d<\/p>\n<p style=\"text-align: justify\">Quem tem fome, tem pressa, dizia Betinho. Por isso, a urg\u00eancia da campanha lan\u00e7ada pela FAO em todo o mundo, que deve recolher um milh\u00e3o de assinaturas at\u00e9 o dia 16 de outubro, Dia Mundial da Alimenta\u00e7\u00e3o. O CONSEA est\u00e1 engajado. Falta engajar governos e sociedade. As assinaturas podem ser feitas por meios eletr\u00f4nicos assim como haver\u00e1 listas de assinaturas circulando em todos os lugares.<\/p>\n<p style=\"text-align: justify\">Para assinar a peti\u00e7\u00e3o: www.1billionhungry.org\/faobrasil\/<br \/>Informa\u00e7\u00f5es: ascom@consea.planalto.gov.br<\/p>\n<p style=\"text-align: justify\">As assinaturas sejam enviadas para a <strong>CNBB Nacional<\/strong> no seguinte endere\u00e7o: A\/C Pe. Nelito Nonato Dornelas \u2013 Setor das Embaixadas Sul &#8211; Quadra 801 \u2013 Conjunto B \u2013 CEP 70 200 014 &#8211; Bras\u00edlia DF.<\/p>\n<p style=\"text-align: justify\">Tamb\u00e9m para a <strong>CRB Nacional<\/strong>, no seguinte endere\u00e7o: A\/C Ir. Maria das Gra\u00e7as Apolin\u00e1rio \u2013 SDS Bloco H, 26 \u2013 Sala 507 \u2013 Edif\u00edcio Ven\u00e2ncio II \u2013 CEP 70 393 900 \u2013 Bras\u00edlia DF.<\/p>\n","protected":false},"excerpt":{"rendered":"<p>A Food and Agriculture Organization (FAO), um departamento da Organiza\u00e7\u00e3o das Na\u00e7\u00f5es Unidas (ONU), respons\u00e1vel pela erradica\u00e7\u00e3o da fome no mundo, acaba de lan\u00e7ar uma campanha mundial de coleta de assinaturas para pressionar a pr\u00f3pria ONU, sobre a exist\u00eancia de 1 bilh\u00e3o e 200 milh\u00f5es de pessoas vivendo em situa\u00e7\u00e3o de fome cr\u00f4nica. A campanha &hellip;<\/p>\n<p class=\"read-more\"> <a class=\"\" href=\"https:\/\/www.cnbb.org.br\/mutirao-para-a-superacao-da-miseria-e-da-fome-participa-de-campanha-da-onu\/\"> <span class=\"screen-reader-text\">Mutir\u00e3o para a Supera\u00e7\u00e3o da Mis\u00e9ria e da Fome participa de campanha da ONU<\/span> Leia mais &raquo;<\/a><\/p>\n","protected":false},"author":83,"featured_media":29142,"comment_status":"open","ping_status":"open","sticky":false,"template":"","format":"standard","meta":{"site-sidebar-layout":"default","site-content-layout":"default","ast-global-header-display":"","ast-banner-title-visibility":"","ast-main-header-display":"","ast-hfb-above-header-display":"","ast-hfb-below-header-display":"","ast-hfb-mobile-header-display":"","site-post-title":"","ast-breadcrumbs-content":"","ast-featured-img":"","footer-sml-layout":"","theme-transparent-header-meta":"","adv-header-id-meta":"","stick-header-meta":"","header-above-stick-meta":"","header-main-stick-meta":"","header-below-stick-meta":""},"categories":[863],"tags":[],"acf":[],"_links":{"self":[{"href":"https:\/\/www.cnbb.org.br\/cnbb-app\/wp\/v2\/posts\/29141"}],"collection":[{"href":"https:\/\/www.cnbb.org.br\/cnbb-app\/wp\/v2\/posts"}],"about":[{"href":"https:\/\/www.cnbb.org.br\/cnbb-app\/wp\/v2\/types\/post"}],"author":[{"embeddable":true,"href":"https:\/\/www.cnbb.org.br\/cnbb-app\/wp\/v2\/users\/83"}],"replies":[{"embeddable":true,"href":"https:\/\/www.cnbb.org.br\/cnbb-app\/wp\/v2\/comments?post=29141"}],"version-history":[{"count":0,"href":"https:\/\/www.cnbb.org.br\/cnbb-app\/wp\/v2\/posts\/29141\/revisions"}],"wp:featuredmedia":[{"embeddable":true,"href":"https:\/\/www.cnbb.org.br\/cnbb-app\/wp\/v2\/media\/29142"}],"wp:attachment":[{"href":"https:\/\/www.cnbb.org.br\/cnbb-app\/wp\/v2\/media?parent=29141"}],"wp:term":[{"taxonomy":"category","embeddable":true,"href":"https:\/\/www.cnbb.org.br\/cnbb-app\/wp\/v2\/categories?post=29141"},{"taxonomy":"post_tag","embeddable":true,"href":"https:\/\/www.cnbb.org.br\/cnbb-app\/wp\/v2\/tags?post=29141"}],"curies":[{"name":"wp","href":"https:\/\/api.w.org\/{rel}","templated":true}]}}