{"id":29150,"date":"2010-08-12T00:00:00","date_gmt":"2010-08-12T03:00:00","guid":{"rendered":"https:\/\/www.cnbb.org.br\/mobilizacao-indigena-reunira-mais-de-800-liderancas-em-campo-grande\/"},"modified":"2020-03-11T17:12:28","modified_gmt":"2020-03-11T20:12:28","slug":"mobilizacao-indigena-reunira-mais-de-800-liderancas-em-campo-grande","status":"publish","type":"post","link":"https:\/\/www.cnbb.org.br\/mobilizacao-indigena-reunira-mais-de-800-liderancas-em-campo-grande\/","title":{"rendered":"Mobiliza\u00e7\u00e3o ind\u00edgena reunir\u00e1 mais de 800 lideran\u00e7as em Campo Grande"},"content":{"rendered":"<p style=\"text-align: justify\">Mais de 800 lideran\u00e7as ind\u00edgenas de todo o pa\u00eds s\u00e3o esperadas para o\u00a0 7\u00ba Acampamento Terra Livre (ATL), nos dias 16 a 19 de agosto, na Aldeia Urbana Mar\u00e7al de Souza, em Campo Grande (MS). A assembleia \u00e9 a inst\u00e2ncia m\u00e1xima de decis\u00e3o do movimento ind\u00edgena brasileiro e se realiza uma vez por ano.<\/p>\n<p>  <!--more-->  <\/p>\n<p style=\"text-align: justify\">O Acampamento deste ano far\u00e1 uma avalia\u00e7\u00e3o das demandas e resultados das assembleias anteriores destacando conquistas, avan\u00e7os e demandas n\u00e3o atendidas pelo Estado brasileiro.<\/p>\n<p style=\"text-align: justify\">\u201cO objetivo \u00e9 formular reivindica\u00e7\u00f5es e propostas comuns para uma nova pol\u00edtica indigenista do Estado Brasileiro, marcada pelo respeito total aos direitos fundamentais e origin\u00e1rios dos povos ind\u00edgenas\u201d, esclarece a assessoria de comunica\u00e7\u00e3o do Conselho Mission\u00e1rio Indigenista (Cimi), organismo vinculado \u00e0 CNBB. Segundo o Cimi, as propostas ser\u00e3o encaminhadas aos candidatos \u00e0 Presid\u00eancia da Rep\u00fablica.<\/p>\n<p style=\"text-align: justify\">A pauta do ATL ter\u00e1 como foco principal a demarca\u00e7\u00e3o de terras; criminaliza\u00e7\u00e3o de lideran\u00e7as e impactos do Programa de Acelera\u00e7\u00e3o do Crescimento (PAC) e de grandes empreendimentos em Terras Ind\u00edgenas como a transposi\u00e7\u00e3o do Rio S\u00e3o Francisco e hidrel\u00e9trica de Belo Monte.<\/p>\n<p style=\"text-align: justify\">Os ind\u00edgenas discutir\u00e3o, ainda, o Estatuto dos Povos Ind\u00edgenas; a Secretaria Especial de Sa\u00fade Ind\u00edgena; reestrutura\u00e7\u00e3o da Funda\u00e7\u00e3o Nacional do \u00cdndio (Funai); Pol\u00edtica Nacional de Gest\u00e3o Ambiental em Terras Ind\u00edgenas (PNGATI) e o Conselho Nacional de Pol\u00edtica Indigenista.<\/p>\n","protected":false},"excerpt":{"rendered":"<p>Mais de 800 lideran\u00e7as ind\u00edgenas de todo o pa\u00eds s\u00e3o esperadas para o\u00a0 7\u00ba Acampamento Terra Livre (ATL), nos dias 16 a 19 de agosto, na Aldeia Urbana Mar\u00e7al de Souza, em Campo Grande (MS). A assembleia \u00e9 a inst\u00e2ncia m\u00e1xima de decis\u00e3o do movimento ind\u00edgena brasileiro e se realiza uma vez por ano.<\/p>\n","protected":false},"author":83,"featured_media":29151,"comment_status":"open","ping_status":"open","sticky":false,"template":"","format":"standard","meta":{"site-sidebar-layout":"default","site-content-layout":"default","ast-global-header-display":"","ast-banner-title-visibility":"","ast-main-header-display":"","ast-hfb-above-header-display":"","ast-hfb-below-header-display":"","ast-hfb-mobile-header-display":"","site-post-title":"","ast-breadcrumbs-content":"","ast-featured-img":"","footer-sml-layout":"","theme-transparent-header-meta":"","adv-header-id-meta":"","stick-header-meta":"","header-above-stick-meta":"","header-main-stick-meta":"","header-below-stick-meta":""},"categories":[863],"tags":[],"acf":[],"_links":{"self":[{"href":"https:\/\/www.cnbb.org.br\/cnbb-app\/wp\/v2\/posts\/29150"}],"collection":[{"href":"https:\/\/www.cnbb.org.br\/cnbb-app\/wp\/v2\/posts"}],"about":[{"href":"https:\/\/www.cnbb.org.br\/cnbb-app\/wp\/v2\/types\/post"}],"author":[{"embeddable":true,"href":"https:\/\/www.cnbb.org.br\/cnbb-app\/wp\/v2\/users\/83"}],"replies":[{"embeddable":true,"href":"https:\/\/www.cnbb.org.br\/cnbb-app\/wp\/v2\/comments?post=29150"}],"version-history":[{"count":0,"href":"https:\/\/www.cnbb.org.br\/cnbb-app\/wp\/v2\/posts\/29150\/revisions"}],"wp:featuredmedia":[{"embeddable":true,"href":"https:\/\/www.cnbb.org.br\/cnbb-app\/wp\/v2\/media\/29151"}],"wp:attachment":[{"href":"https:\/\/www.cnbb.org.br\/cnbb-app\/wp\/v2\/media?parent=29150"}],"wp:term":[{"taxonomy":"category","embeddable":true,"href":"https:\/\/www.cnbb.org.br\/cnbb-app\/wp\/v2\/categories?post=29150"},{"taxonomy":"post_tag","embeddable":true,"href":"https:\/\/www.cnbb.org.br\/cnbb-app\/wp\/v2\/tags?post=29150"}],"curies":[{"name":"wp","href":"https:\/\/api.w.org\/{rel}","templated":true}]}}