{"id":29163,"date":"2010-09-22T00:00:00","date_gmt":"2010-09-22T03:00:00","guid":{"rendered":"https:\/\/www.cnbb.org.br\/campanha-nacional-de-combate-a-hanseniase-sera-lancada-no-proximo-dia-10\/"},"modified":"2020-03-11T17:12:27","modified_gmt":"2020-03-11T20:12:27","slug":"campanha-nacional-de-combate-a-hanseniase-sera-lancada-no-proximo-dia-10","status":"publish","type":"post","link":"https:\/\/www.cnbb.org.br\/campanha-nacional-de-combate-a-hanseniase-sera-lancada-no-proximo-dia-10\/","title":{"rendered":"Campanha Nacional de Combate a Hansen\u00edase ser\u00e1 lan\u00e7ada no pr\u00f3ximo dia 10"},"content":{"rendered":"<p style=\"text-align: justify\">Na \u00faltima reuni\u00e3o do Conselho Permanente da Confer\u00eancia Nacional dos Bispos do Brasil (CNBB), foi aprovada a realiza\u00e7\u00e3o de uma Campanha Nacional, no pr\u00f3ximo dia 10, de combater a Hansen\u00edase. Em parceria com a Pastoral da Crian\u00e7a, Pastoral da Sa\u00fade, Franciscanos, Movimento de reintegra\u00e7\u00e3o das pessoas atingidas pela hansen\u00edase (Morhan), Minist\u00e9rio da Sa\u00fade, Conselho Nacional de Sa\u00fade, Conselho Nacional de Igrejas Crist\u00e3s do Brasil (CONIC), a CNBB convida a ades\u00e3o de todas as dioceses e par\u00f3quias do pa\u00eds, a participar desta campanha.<\/p>\n<p>  <!--more-->  <\/p>\n<p style=\"text-align: justify\"><strong><a target=\"_blank\" href=\"http:\/\/cnbbjoomla.sitesparresia.com\/wp-content\/uploads\/sites\/85\/2010\/09\/hanseniasetemcurasecgeral.pdf\" rel=\"noopener noreferrer\">Segundo comunicado do Secretariado Geral da Confer\u00eancia,<\/a><\/strong> \u201ca CNBB convida toda a Igreja no Brasil, para no dia 10 de outubro de 2010 somar esfor\u00e7os com a sociedade e oferecer informa\u00e7\u00f5es atualizadas, para superar os preconceitos e o estigma em rela\u00e7\u00e3o \u00e0 Hansen\u00edase, uma doen\u00e7a que tem cura! Al\u00e9m dos roteiros homil\u00e9ticos oferecidos pela CNBB, levantamos alguns dados e reflex\u00f5es, para que possamos estar unidos \u2018num mesmo pensar e agir\u2019, no intuito de ajudar as pessoas a come\u00e7ar o quanto antes o tratamento desta doen\u00e7a\u201d.<\/p>\n<p style=\"text-align: justify\">Foi escolhido o Evangelho a ser proclamado no dia o livro de Lucas (17, 11-19). \u201cQueremos, como os enfermos do Evangelho de Lucas que ser\u00e1 proclamado nesse dia, gritar confiantes: \u2018Jesus, Mestre, tem compaix\u00e3o de n\u00f3s!\u2019. Para que este grito ecoe em todo o nosso pa\u00eds, convidamos a todos os que presidem a Santa Missa ou a Celebra\u00e7\u00e3o Dominical da Palavra de Deus, a esclarecerem os fi\u00e9is, utilizando-se das homilias, das preces comunit\u00e1rias, ou at\u00e9 mesmo, indicando, durante a celebra\u00e7\u00e3o, uma a\u00e7\u00e3o concreta de solidariedade aos irm\u00e3os e irm\u00e3s acometidos por esta enfermidade\u201d, diz o secret\u00e1rio geral da CNBB, dom Dimas Lara Barbosa, <strong><a target=\"_blank\" href=\"http:\/\/cnbbjoomla.sitesparresia.com\/wp-content\/uploads\/sites\/85\/2010\/09\/cartasobrehanseniasedomdimas.pdf\" rel=\"noopener noreferrer\">em carta enviada aos cardeais, arcebispos, bispo, padres e religiosos do Brasil.<\/a><\/strong><\/p>\n","protected":false},"excerpt":{"rendered":"<p>Na \u00faltima reuni\u00e3o do Conselho Permanente da Confer\u00eancia Nacional dos Bispos do Brasil (CNBB), foi aprovada a realiza\u00e7\u00e3o de uma Campanha Nacional, no pr\u00f3ximo dia 10, de combater a Hansen\u00edase. Em parceria com a Pastoral da Crian\u00e7a, Pastoral da Sa\u00fade, Franciscanos, Movimento de reintegra\u00e7\u00e3o das pessoas atingidas pela hansen\u00edase (Morhan), Minist\u00e9rio da Sa\u00fade, Conselho Nacional &hellip;<\/p>\n<p class=\"read-more\"> <a class=\"\" href=\"https:\/\/www.cnbb.org.br\/campanha-nacional-de-combate-a-hanseniase-sera-lancada-no-proximo-dia-10\/\"> <span class=\"screen-reader-text\">Campanha Nacional de Combate a Hansen\u00edase ser\u00e1 lan\u00e7ada no pr\u00f3ximo dia 10<\/span> Leia mais &raquo;<\/a><\/p>\n","protected":false},"author":83,"featured_media":29164,"comment_status":"open","ping_status":"open","sticky":false,"template":"","format":"standard","meta":{"site-sidebar-layout":"default","site-content-layout":"default","ast-global-header-display":"","ast-banner-title-visibility":"","ast-main-header-display":"","ast-hfb-above-header-display":"","ast-hfb-below-header-display":"","ast-hfb-mobile-header-display":"","site-post-title":"","ast-breadcrumbs-content":"","ast-featured-img":"","footer-sml-layout":"","theme-transparent-header-meta":"","adv-header-id-meta":"","stick-header-meta":"","header-above-stick-meta":"","header-main-stick-meta":"","header-below-stick-meta":""},"categories":[863],"tags":[],"acf":[],"_links":{"self":[{"href":"https:\/\/www.cnbb.org.br\/cnbb-app\/wp\/v2\/posts\/29163"}],"collection":[{"href":"https:\/\/www.cnbb.org.br\/cnbb-app\/wp\/v2\/posts"}],"about":[{"href":"https:\/\/www.cnbb.org.br\/cnbb-app\/wp\/v2\/types\/post"}],"author":[{"embeddable":true,"href":"https:\/\/www.cnbb.org.br\/cnbb-app\/wp\/v2\/users\/83"}],"replies":[{"embeddable":true,"href":"https:\/\/www.cnbb.org.br\/cnbb-app\/wp\/v2\/comments?post=29163"}],"version-history":[{"count":0,"href":"https:\/\/www.cnbb.org.br\/cnbb-app\/wp\/v2\/posts\/29163\/revisions"}],"wp:featuredmedia":[{"embeddable":true,"href":"https:\/\/www.cnbb.org.br\/cnbb-app\/wp\/v2\/media\/29164"}],"wp:attachment":[{"href":"https:\/\/www.cnbb.org.br\/cnbb-app\/wp\/v2\/media?parent=29163"}],"wp:term":[{"taxonomy":"category","embeddable":true,"href":"https:\/\/www.cnbb.org.br\/cnbb-app\/wp\/v2\/categories?post=29163"},{"taxonomy":"post_tag","embeddable":true,"href":"https:\/\/www.cnbb.org.br\/cnbb-app\/wp\/v2\/tags?post=29163"}],"curies":[{"name":"wp","href":"https:\/\/api.w.org\/{rel}","templated":true}]}}