{"id":29179,"date":"2010-11-19T00:00:00","date_gmt":"2010-11-19T02:00:00","guid":{"rendered":"https:\/\/www.cnbb.org.br\/grupo-se-reune-para-discutir-a-5o-semana-social-brasileira\/"},"modified":"2020-03-11T17:12:25","modified_gmt":"2020-03-11T20:12:25","slug":"grupo-se-reune-para-discutir-a-5o-semana-social-brasileira","status":"publish","type":"post","link":"https:\/\/www.cnbb.org.br\/grupo-se-reune-para-discutir-a-5o-semana-social-brasileira\/","title":{"rendered":"Grupo se re\u00fane para discutir a 5\u00aa Semana Social Brasileira"},"content":{"rendered":"<p style=\"text-align: justify\">Um Grupo de Trabalho (GT) da Comiss\u00e3o Episcopal para o Servi\u00e7o da Caridade, da Justi\u00e7a e da Paz da Confer\u00eancia Nacional dos Bispos do Brasil (CNBB), composta por onze membros, se reuniu nesta sexta-feira, 19, na sede da CNBB com o objetivo de preparar um projeto para a realiza\u00e7\u00e3o da 5\u00aa Semana Social Brasileira. O projeto ser\u00e1 comunicado na pr\u00f3xima Assembleia Geral da CNBB, que acontecer\u00e1 em maio de 2011. O GT representa alguns setores e Regionais da CNBB, da Confer\u00eancia dos Religiosos do Brasil (CRB), e organiza\u00e7\u00f5es da sociedade civil.<\/p>\n<p>  <!--more-->  <\/p>\n<p style=\"text-align: justify\">A assessora da Comiss\u00e3o, irm\u00e3 Delci Franzen, antecipa que a pr\u00f3xima Semana Social Brasileira vai se preocupar com dois aspectos. \u201cResgate de todas as pr\u00e1ticas positivas que a Igreja tem promovido dentro da sociedade, para a melhoria do povo brasileiro, principalmente dos mais pobres, como gera\u00e7\u00e3o de renda, autonomia de trabalho, iniciativas de economia solid\u00e1ria, cooperativismo, promo\u00e7\u00e3o das mulheres entre outros\u201d. Ainda de acordo com a assessora, \u201ca Semana vai resgatar todas as conquistas da CNBB em \u00e2mbito nacional em termos de pol\u00edticas p\u00fablicas, defesa de direitos, \u00e9tica na pol\u00edtica\u201d, enumerou.<\/p>\n<p style=\"text-align: justify\">O segundo foco da Semana \u00e9 a discuss\u00e3o da tem\u00e1tica da democracia participativa: como praticar a democracia. \u201cJ\u00e1 tem muita iniciativa boa para esse pa\u00eds funcionar, mas como podemos fazer para que tudo seja desenvolvido de forma democr\u00e1tica?\u201d, questiona irm\u00e3 Delci que acredita ser esta uma das perguntas-chave da 5\u00aa Semana.<\/p>\n<p style=\"text-align: justify\">O evento vai acontecer ap\u00f3s a Assembleia Geral da CNBB.<\/p>\n","protected":false},"excerpt":{"rendered":"<p>Um Grupo de Trabalho (GT) da Comiss\u00e3o Episcopal para o Servi\u00e7o da Caridade, da Justi\u00e7a e da Paz da Confer\u00eancia Nacional dos Bispos do Brasil (CNBB), composta por onze membros, se reuniu nesta sexta-feira, 19, na sede da CNBB com o objetivo de preparar um projeto para a realiza\u00e7\u00e3o da 5\u00aa Semana Social Brasileira. O &hellip;<\/p>\n<p class=\"read-more\"> <a class=\"\" href=\"https:\/\/www.cnbb.org.br\/grupo-se-reune-para-discutir-a-5o-semana-social-brasileira\/\"> <span class=\"screen-reader-text\">Grupo se re\u00fane para discutir a 5\u00aa Semana Social Brasileira<\/span> Leia mais &raquo;<\/a><\/p>\n","protected":false},"author":83,"featured_media":29180,"comment_status":"open","ping_status":"open","sticky":false,"template":"","format":"standard","meta":{"site-sidebar-layout":"default","site-content-layout":"default","ast-global-header-display":"","ast-banner-title-visibility":"","ast-main-header-display":"","ast-hfb-above-header-display":"","ast-hfb-below-header-display":"","ast-hfb-mobile-header-display":"","site-post-title":"","ast-breadcrumbs-content":"","ast-featured-img":"","footer-sml-layout":"","theme-transparent-header-meta":"","adv-header-id-meta":"","stick-header-meta":"","header-above-stick-meta":"","header-main-stick-meta":"","header-below-stick-meta":""},"categories":[863],"tags":[],"acf":[],"_links":{"self":[{"href":"https:\/\/www.cnbb.org.br\/cnbb-app\/wp\/v2\/posts\/29179"}],"collection":[{"href":"https:\/\/www.cnbb.org.br\/cnbb-app\/wp\/v2\/posts"}],"about":[{"href":"https:\/\/www.cnbb.org.br\/cnbb-app\/wp\/v2\/types\/post"}],"author":[{"embeddable":true,"href":"https:\/\/www.cnbb.org.br\/cnbb-app\/wp\/v2\/users\/83"}],"replies":[{"embeddable":true,"href":"https:\/\/www.cnbb.org.br\/cnbb-app\/wp\/v2\/comments?post=29179"}],"version-history":[{"count":0,"href":"https:\/\/www.cnbb.org.br\/cnbb-app\/wp\/v2\/posts\/29179\/revisions"}],"wp:featuredmedia":[{"embeddable":true,"href":"https:\/\/www.cnbb.org.br\/cnbb-app\/wp\/v2\/media\/29180"}],"wp:attachment":[{"href":"https:\/\/www.cnbb.org.br\/cnbb-app\/wp\/v2\/media?parent=29179"}],"wp:term":[{"taxonomy":"category","embeddable":true,"href":"https:\/\/www.cnbb.org.br\/cnbb-app\/wp\/v2\/categories?post=29179"},{"taxonomy":"post_tag","embeddable":true,"href":"https:\/\/www.cnbb.org.br\/cnbb-app\/wp\/v2\/tags?post=29179"}],"curies":[{"name":"wp","href":"https:\/\/api.w.org\/{rel}","templated":true}]}}