{"id":29181,"date":"2010-11-22T00:00:00","date_gmt":"2010-11-22T02:00:00","guid":{"rendered":"https:\/\/www.cnbb.org.br\/forum-divulga-manifesto-sobre-riscos-da-mudanca-no-codigo-florestal\/"},"modified":"2020-03-11T17:12:24","modified_gmt":"2020-03-11T20:12:24","slug":"forum-divulga-manifesto-sobre-riscos-da-mudanca-no-codigo-florestal","status":"publish","type":"post","link":"https:\/\/www.cnbb.org.br\/forum-divulga-manifesto-sobre-riscos-da-mudanca-no-codigo-florestal\/","title":{"rendered":"F\u00f3rum divulga manifesto sobre riscos da mudan\u00e7a no C\u00f3digo Florestal"},"content":{"rendered":"<p style=\"text-align: justify\">O F\u00f3rum Mudan\u00e7as Clim\u00e1ticas e Justi\u00e7a Social divulgou, na semana passada, um manifesto em que exp\u00f5e suas preocupa\u00e7\u00f5es em rela\u00e7\u00e3o \u00e0 mudan\u00e7a no C\u00f3digo Florestal e \u00e0 mudan\u00e7a de Governo.<\/p>\n<p>  <!--more-->  <\/p>\n<p style=\"text-align: justify\">\u201c\u00c9 com extrema preocupa\u00e7\u00e3o que acompanhamos a poss\u00edvel vota\u00e7\u00e3o das modifica\u00e7\u00f5es no C\u00f3digo Florestal Brasileiro pelo Congresso. Qualquer iniciativa de facilitar a derrubada de mais cobertura vegetal no Brasil e que promova a impunidade dos crimes ambientais cometidos, nos parece como um absurdo contrassenso\u201d, diz o manifesto.<\/p>\n<p>O F\u00f3rum \u00e9 um projeto da Confer\u00eancia Nacional dos Bispos do Brasil (CNBB) com a Misereor, que \u00e9 um organismo de apoio ao desenvolvimento da Igreja Cat\u00f3lica da Alemanha. No F\u00f3rum est\u00e3o as Pastorais Sociais da CNBB, Movimentos Sociais e entidades da sociedade civil parceiras da Misereor,. <\/p>\n<p>\u201cO F\u00f3rum tem como objetivo disseminar informa\u00e7\u00f5es, gerar consci\u00eancia cr\u00edtica e mobiliza\u00e7\u00f5es da cidadania visando contribuir no enfrentamento das causas estruturais do Aquecimento Global que provoca Mudan\u00e7as Clim\u00e1ticas em todo o planeta Terra\u201d, explica a secret\u00e1ria executiva do organismo, Clecir Maria Trombetta.<\/p>\n<p>No manifesto, as entidades demonstram preocupa\u00e7\u00e3o tamb\u00e9m quanto \u00e0 pol\u00edtica de desenvolvimento do futuro Governo. \u201cEmbora se fale em continuidade com o [Governo] anterior, \u00e9 do conhecimento comum que os problemas socioambientais brasileiros est\u00e3o vinculados diretamente ao modelo de desenvolvimento adotado, baseado no agroneg\u00f3cio, na explora\u00e7\u00e3o mineral, na constru\u00e7\u00e3o de grandes obras de infra-estrutura, que provocam intensos impactos ambientais e sociais\u201d.<a href=\"http:\/\/cnbbjoomla.sitesparresia.com\/wp-content\/uploads\/sites\/85\/2010\/11\/Manifesto_do_Frum_Mudanas_Climticas_e_Justia_Social.pdf\" target=\"_blank\" rel=\"noopener\"><span style=\"font-size: 10pt\"><strong><\/strong><\/span><\/a><\/p>\n<p style=\"text-align: justify\"><span style=\"font-size: 10pt\"><strong><a href=\"http:\/\/cnbbjoomla.sitesparresia.com\/wp-content\/uploads\/sites\/85\/2010\/11\/Manifesto_do_Frum_Mudanas_Climticas_e_Justia_Social.pdf\" target=\"_blank\" rel=\"noopener\">Leia aqui a \u00edntegra do manifesto<\/a><br \/><\/strong><\/span><\/p>\n","protected":false},"excerpt":{"rendered":"<p>O F\u00f3rum Mudan\u00e7as Clim\u00e1ticas e Justi\u00e7a Social divulgou, na semana passada, um manifesto em que exp\u00f5e suas preocupa\u00e7\u00f5es em rela\u00e7\u00e3o \u00e0 mudan\u00e7a no C\u00f3digo Florestal e \u00e0 mudan\u00e7a de Governo.<\/p>\n","protected":false},"author":83,"featured_media":29182,"comment_status":"open","ping_status":"open","sticky":false,"template":"","format":"standard","meta":{"site-sidebar-layout":"default","site-content-layout":"default","ast-global-header-display":"","ast-banner-title-visibility":"","ast-main-header-display":"","ast-hfb-above-header-display":"","ast-hfb-below-header-display":"","ast-hfb-mobile-header-display":"","site-post-title":"","ast-breadcrumbs-content":"","ast-featured-img":"","footer-sml-layout":"","theme-transparent-header-meta":"","adv-header-id-meta":"","stick-header-meta":"","header-above-stick-meta":"","header-main-stick-meta":"","header-below-stick-meta":""},"categories":[863],"tags":[],"acf":[],"_links":{"self":[{"href":"https:\/\/www.cnbb.org.br\/cnbb-app\/wp\/v2\/posts\/29181"}],"collection":[{"href":"https:\/\/www.cnbb.org.br\/cnbb-app\/wp\/v2\/posts"}],"about":[{"href":"https:\/\/www.cnbb.org.br\/cnbb-app\/wp\/v2\/types\/post"}],"author":[{"embeddable":true,"href":"https:\/\/www.cnbb.org.br\/cnbb-app\/wp\/v2\/users\/83"}],"replies":[{"embeddable":true,"href":"https:\/\/www.cnbb.org.br\/cnbb-app\/wp\/v2\/comments?post=29181"}],"version-history":[{"count":0,"href":"https:\/\/www.cnbb.org.br\/cnbb-app\/wp\/v2\/posts\/29181\/revisions"}],"wp:featuredmedia":[{"embeddable":true,"href":"https:\/\/www.cnbb.org.br\/cnbb-app\/wp\/v2\/media\/29182"}],"wp:attachment":[{"href":"https:\/\/www.cnbb.org.br\/cnbb-app\/wp\/v2\/media?parent=29181"}],"wp:term":[{"taxonomy":"category","embeddable":true,"href":"https:\/\/www.cnbb.org.br\/cnbb-app\/wp\/v2\/categories?post=29181"},{"taxonomy":"post_tag","embeddable":true,"href":"https:\/\/www.cnbb.org.br\/cnbb-app\/wp\/v2\/tags?post=29181"}],"curies":[{"name":"wp","href":"https:\/\/api.w.org\/{rel}","templated":true}]}}