{"id":29184,"date":"2010-12-09T00:00:00","date_gmt":"2010-12-09T02:00:00","guid":{"rendered":"https:\/\/www.cnbb.org.br\/pastoral-do-menor-de-sao-paulo-na-campanha-em-favor-das-medidas-socioeducativas\/"},"modified":"2020-03-11T17:12:24","modified_gmt":"2020-03-11T20:12:24","slug":"pastoral-do-menor-de-sao-paulo-na-campanha-em-favor-das-medidas-socioeducativas","status":"publish","type":"post","link":"https:\/\/www.cnbb.org.br\/pastoral-do-menor-de-sao-paulo-na-campanha-em-favor-das-medidas-socioeducativas\/","title":{"rendered":"Pastoral do Menor de S\u00e3o Paulo na Campanha em favor das Medidas Socioeducativas"},"content":{"rendered":"<p style=\"text-align: justify\">A Pastoral do Menor do estado de S\u00e3o Paulo promove, no pr\u00f3ximo final de semana, dias 11 e 12, uma oficina sobre as Medidas Socioeducativas e contra a redu\u00e7\u00e3o da maioridade penal. O evento ser\u00e1 no Centro de Forma\u00e7\u00e3o Sagrada Fam\u00edlia, no bairro Ipiranga, em S\u00e3o Paulo, e tem como objetivo formar os primeiros multiplicadores, no estado de S\u00e3o Paulo, da Campanha em favor das Medidas Socioeducativas, lan\u00e7ada pela Pastoral do Menor Nacional.<\/p>\n<p>  <!--more-->  <\/p>\n<p style=\"text-align: justify\">Com o tema \u201cD\u00ea oportunidade \u2013 Medidas Socioeducativas responsabilizam, mudam vidas\u201d, a Campanha foi lan\u00e7ada no m\u00eas passado e tem o apoio da CNBB; da PUC-Minas; da C\u00e1ritas Brasileira; da MISEREOR; dos Salesianos; da Ag\u00eancia de Noticias dos Direitos da Inf\u00e2ncia (ANDI); Casa da Juventude Padre Burnier; F\u00f3rum Nacional DCA; CONANDA e Secret\u00e1ria de Direitos Humanos.<\/p>\n<p style=\"text-align: justify\">\u201cEst\u00e1 na hora de a sociedade, e cada um de n\u00f3s, assumir sua parcela de responsabilidade diante da crian\u00e7a e do adolescente que n\u00e3o t\u00eam seus direitos fundamentais respeitados e que sofrem com a aus\u00eancia de pol\u00edticas p\u00fablicas efetivas, com a baixa qualidade da educa\u00e7\u00e3o, com a precariedade das pol\u00edticas de sa\u00fade, esporte e lazer\u201d, disse o coordenador da Pastoral do Menor em S\u00e3o Paulo, padre Ov\u00eddio Jos\u00e9 de Andrade.<\/p>\n<p style=\"text-align: justify\">Segundo o coordenador, \u00e9 preciso investir nas Medidas Socioeducativas, especialmente, na Liberdade Assistida e na Presta\u00e7\u00e3o de Servi\u00e7os \u00e0 Comunidade.<\/p>\n<p style=\"text-align: justify\">\u201cA sociedade precisa ter um novo olhar em rela\u00e7\u00e3o ao adolescente autor de ato infracional. Sair da c\u00f4moda posi\u00e7\u00e3o cr\u00edtica e assumir sua responsabilidade diante dos adolescentes que, em \u00faltima an\u00e1lise, pagam pela nossa inani\u00e7\u00e3o, pela nossa omiss\u00e3o. \u00a0<br \/>Compreender que as Medidas Socioeducativas (MSE) s\u00e3o fundamentais para que o adolescente se responsabilize pelo ato praticado e tamb\u00e9m para que tenha oportunidade de construir um novo projeto de vida\u201d, destaca o coordenador.<\/p>\n<p style=\"text-align: justify\">Mais informa\u00e7\u00f5es sobre a sobre a oficina pelo e-mail: pastoraldomenorsul1@yahoo.com.br ou pelo telefone: (16) 3721-1432.<\/p>\n","protected":false},"excerpt":{"rendered":"<p>A Pastoral do Menor do estado de S\u00e3o Paulo promove, no pr\u00f3ximo final de semana, dias 11 e 12, uma oficina sobre as Medidas Socioeducativas e contra a redu\u00e7\u00e3o da maioridade penal. O evento ser\u00e1 no Centro de Forma\u00e7\u00e3o Sagrada Fam\u00edlia, no bairro Ipiranga, em S\u00e3o Paulo, e tem como objetivo formar os primeiros multiplicadores, &hellip;<\/p>\n<p class=\"read-more\"> <a class=\"\" href=\"https:\/\/www.cnbb.org.br\/pastoral-do-menor-de-sao-paulo-na-campanha-em-favor-das-medidas-socioeducativas\/\"> <span class=\"screen-reader-text\">Pastoral do Menor de S\u00e3o Paulo na Campanha em favor das Medidas Socioeducativas<\/span> Leia mais &raquo;<\/a><\/p>\n","protected":false},"author":83,"featured_media":24187,"comment_status":"open","ping_status":"open","sticky":false,"template":"","format":"standard","meta":{"site-sidebar-layout":"default","site-content-layout":"default","ast-global-header-display":"","ast-banner-title-visibility":"","ast-main-header-display":"","ast-hfb-above-header-display":"","ast-hfb-below-header-display":"","ast-hfb-mobile-header-display":"","site-post-title":"","ast-breadcrumbs-content":"","ast-featured-img":"","footer-sml-layout":"","theme-transparent-header-meta":"","adv-header-id-meta":"","stick-header-meta":"","header-above-stick-meta":"","header-main-stick-meta":"","header-below-stick-meta":""},"categories":[863],"tags":[],"acf":[],"_links":{"self":[{"href":"https:\/\/www.cnbb.org.br\/cnbb-app\/wp\/v2\/posts\/29184"}],"collection":[{"href":"https:\/\/www.cnbb.org.br\/cnbb-app\/wp\/v2\/posts"}],"about":[{"href":"https:\/\/www.cnbb.org.br\/cnbb-app\/wp\/v2\/types\/post"}],"author":[{"embeddable":true,"href":"https:\/\/www.cnbb.org.br\/cnbb-app\/wp\/v2\/users\/83"}],"replies":[{"embeddable":true,"href":"https:\/\/www.cnbb.org.br\/cnbb-app\/wp\/v2\/comments?post=29184"}],"version-history":[{"count":0,"href":"https:\/\/www.cnbb.org.br\/cnbb-app\/wp\/v2\/posts\/29184\/revisions"}],"wp:featuredmedia":[{"embeddable":true,"href":"https:\/\/www.cnbb.org.br\/cnbb-app\/wp\/v2\/media\/24187"}],"wp:attachment":[{"href":"https:\/\/www.cnbb.org.br\/cnbb-app\/wp\/v2\/media?parent=29184"}],"wp:term":[{"taxonomy":"category","embeddable":true,"href":"https:\/\/www.cnbb.org.br\/cnbb-app\/wp\/v2\/categories?post=29184"},{"taxonomy":"post_tag","embeddable":true,"href":"https:\/\/www.cnbb.org.br\/cnbb-app\/wp\/v2\/tags?post=29184"}],"curies":[{"name":"wp","href":"https:\/\/api.w.org\/{rel}","templated":true}]}}