{"id":29185,"date":"2010-12-15T00:00:00","date_gmt":"2010-12-15T02:00:00","guid":{"rendered":"https:\/\/www.cnbb.org.br\/seminario-nacional-contra-o-exterminio-de-jovens-comeca-amanha-em-salvador\/"},"modified":"2020-03-11T17:12:23","modified_gmt":"2020-03-11T20:12:23","slug":"seminario-nacional-contra-o-exterminio-de-jovens-comeca-amanha-em-salvador","status":"publish","type":"post","link":"https:\/\/www.cnbb.org.br\/seminario-nacional-contra-o-exterminio-de-jovens-comeca-amanha-em-salvador\/","title":{"rendered":"Semin\u00e1rio nacional contra o exterm\u00ednio de jovens come\u00e7a amanh\u00e3 em Salvador"},"content":{"rendered":"<p style=\"text-align: justify\">Come\u00e7a nesta quinta-feira, 16, em Salvador (BA), o Semin\u00e1rio Nacional da Campanha Contra a Viol\u00eancia e o Exterm\u00ednio de Jovens. At\u00e9 domingo, 19, o evento vai reunir representantes de v\u00e1rios estados para aprofundar a tem\u00e1tica sobre juventude e planejar novas a\u00e7\u00f5es contra as estat\u00edsticas que apontam os jovens como as principais v\u00edtimas da viol\u00eancia no Brasil.<\/p>\n<p>  <!--more-->  <\/p>\n<p style=\"text-align: justify\">Lan\u00e7ada em novembro de 2009, a Campanha \u00e9 uma iniciativa das Pastorais da Juventude do Brasil, com o apoio do Setor Juventude da Confer\u00eancia Nacional dos Bispos do Brasil (CNBB), para debater as diversas formas de viol\u00eancia praticadas contra a juventude,\u00a0 denunciar o exterm\u00ednio de milhares de jovens no Brasil e desencadear a\u00e7\u00f5es que possam mudar a realidade.<\/p>\n<p style=\"text-align: justify\">Para o assessor nacional da Pastoral da Juventude e do Setor Juventude da CNBB, padre Carlos S\u00e1vio da Costa Ribeiro, a Campanha tem alertado a sociedade de que \u00e9 preciso fazer algo urgentemente, \u201cpois todos os dias jovens s\u00e3o mortos de uma maneira que nos estarrece\u201d.<\/p>\n<p style=\"text-align: justify\">A expectativa, comenta padre S\u00e1vio, \u00e9 de que o Semin\u00e1rio possa impulsionar as a\u00e7\u00f5es da Campanha nacional em defesa da vida dos jovens. \u201cPrecisamos, \u00e0 luz do Evangelho, procurar nutrir nossa juventude e toda a sociedade com as propostas de Jesus Cristo e estimular pol\u00edticas publicas que promovam a dignidade da pessoa humana.\u201d<\/p>\n<p style=\"text-align: justify\">Em entrevista para o site da Campanha Nacional Contra a Viol\u00eancia e o Exterm\u00ednio de Jovens, o assessor nacional da Pastoral da Juventude e do Setor Juventude da CNBB, padre Carlos S\u00e1vio da Costa Ribeiro, falou sobre o desafio da Igreja para defender a vida dos jovens brasileiros e comentou sua esperan\u00e7a no protagonismo dos jovens que se re\u00fanem a partir de amanh\u00e3 no semin\u00e1rio nacional, em Salvador, que vai planejar a\u00e7\u00f5es da Campanha para 2011.<\/p>\n<p style=\"text-align: justify\">Padre Carlos S\u00e1vio destacou a necessidade de se debater a realidade que aponta os jovens como as principais v\u00edtimas da viol\u00eancia e disse que \u00e9 preciso estimular pol\u00edticas p\u00fablicas que promovam a dignidade da pessoa humana. Confira a entrevista na \u00edntegra:<\/p>\n<p style=\"text-align: justify\"><strong>Qual o sentimento da Igreja no Brasil e do Setor Juventude da CNBB diante das estat\u00edsticas que mostram o jovem como principal v\u00edtima da viol\u00eancia no pa\u00eds?<\/strong><\/p>\n<p style=\"text-align: justify\"><em>Um sentimento de que precisamos realmente fazer algo, pois a Igreja como grande promotora da vida, desde a concep\u00e7\u00e3o at\u00e9 o seu acaso, deve orientar os seus fi\u00e9is que a defendam com toda disposi\u00e7\u00e3o e entusiasmo. E \u00e9 assim que os jovens devem responder a tudo isto que estamos vendo quotidianamente.<\/em><\/p>\n<p style=\"text-align: justify\"><strong>Na sua opini\u00e3o , o que \u00e9 preciso para mudar essa realidade?<\/strong><\/p>\n<p style=\"text-align: justify\"><em>Primeiro precisamos conhecer profundamente a realidade que nos interpela, uma realidade que j\u00e1 somos bem conhecedores. Depois, \u00e0 luz do Evangelho procurar nutrir nossa juventude e toda a sociedade com as propostas de Jesus Cristo, que s\u00e3o de vida em abund\u00e2ncia, e, como pr\u00e1tica, ap\u00f3s o conhecimento da realidade \u00e0 luz do que nos ensina Jesus, estimular pol\u00edticas p\u00fablicas que promovam a dignidade da pessoa humana.<\/em><\/p>\n<p style=\"text-align: justify\"><strong>Como o senhor avalia a Campanha Nacional Contra a Viol\u00eancia e o Exterm\u00ednio de Jovens, sendo essa uma proposta de interven\u00e7\u00e3o na realidade planejada e executada pelos pr\u00f3prios jovens?<\/strong><\/p>\n<p style=\"text-align: justify\"><em>Acredito que a Campanha, mesmo com os seus limites, tem feito o seu papel de chamar a aten\u00e7\u00e3o da sociedade de que \u00e9 preciso fazer algo urgentemente, pois todos os dias jovens s\u00e3o mortos de uma maneira que nos estarrece. N\u00e3o podemos nos calar e a Igreja, como m\u00e3e e mestra, tem suscitado estes profetas que denunciam a viol\u00eancia contra a juventude. Como dizia o Papa Jo\u00e3o Paulo II: &#8220;os jovens s\u00e3o sentinelas do amanh\u00e3&#8221; e precisam ser audaciosos na sua a\u00e7\u00e3o em meio \u00e0 sociedade. Fico muito feliz em constatar que os jovens cada vez mais se interessam pela Campanha e a vivem, cada um dentro de sua realidade.<\/em><\/p>\n<p style=\"text-align: justify\"><strong>O semin\u00e1rio nacional que come\u00e7a amanh\u00e3 em Salvador pretende planejar novas a\u00e7\u00f5es da Campanha para 2011. Que luzes o padre espera do Semin\u00e1rio para a vida da juventude brasileira?<\/strong><\/p>\n<p style=\"text-align: justify\"><em>Espero que este semin\u00e1rio possa gerar cada vez mais, atrav\u00e9s de a\u00e7\u00f5es bem planejadas, um impulso para continuarmos esta caminhada pela vida. Que os nossos jovens possam analisar tudo que j\u00e1 foi feito e tra\u00e7ar metas substanciais para continuar esta Campanha t\u00e3o bonita e bastante desafiadora. Coragem eles t\u00eam de sobra para isso. Como assessor nacional da Pastoral da Juventude e do Setor Juventude Nacional, fico feliz em perceber este dinamismo das nossas juventudes.<\/em><\/p>\n","protected":false},"excerpt":{"rendered":"<p>Come\u00e7a nesta quinta-feira, 16, em Salvador (BA), o Semin\u00e1rio Nacional da Campanha Contra a Viol\u00eancia e o Exterm\u00ednio de Jovens. At\u00e9 domingo, 19, o evento vai reunir representantes de v\u00e1rios estados para aprofundar a tem\u00e1tica sobre juventude e planejar novas a\u00e7\u00f5es contra as estat\u00edsticas que apontam os jovens como as principais v\u00edtimas da viol\u00eancia no &hellip;<\/p>\n<p class=\"read-more\"> <a class=\"\" href=\"https:\/\/www.cnbb.org.br\/seminario-nacional-contra-o-exterminio-de-jovens-comeca-amanha-em-salvador\/\"> <span class=\"screen-reader-text\">Semin\u00e1rio nacional contra o exterm\u00ednio de jovens come\u00e7a amanh\u00e3 em Salvador<\/span> Leia mais &raquo;<\/a><\/p>\n","protected":false},"author":83,"featured_media":29186,"comment_status":"open","ping_status":"open","sticky":false,"template":"","format":"standard","meta":{"site-sidebar-layout":"default","site-content-layout":"default","ast-global-header-display":"","ast-banner-title-visibility":"","ast-main-header-display":"","ast-hfb-above-header-display":"","ast-hfb-below-header-display":"","ast-hfb-mobile-header-display":"","site-post-title":"","ast-breadcrumbs-content":"","ast-featured-img":"","footer-sml-layout":"","theme-transparent-header-meta":"","adv-header-id-meta":"","stick-header-meta":"","header-above-stick-meta":"","header-main-stick-meta":"","header-below-stick-meta":""},"categories":[863],"tags":[],"acf":[],"_links":{"self":[{"href":"https:\/\/www.cnbb.org.br\/cnbb-app\/wp\/v2\/posts\/29185"}],"collection":[{"href":"https:\/\/www.cnbb.org.br\/cnbb-app\/wp\/v2\/posts"}],"about":[{"href":"https:\/\/www.cnbb.org.br\/cnbb-app\/wp\/v2\/types\/post"}],"author":[{"embeddable":true,"href":"https:\/\/www.cnbb.org.br\/cnbb-app\/wp\/v2\/users\/83"}],"replies":[{"embeddable":true,"href":"https:\/\/www.cnbb.org.br\/cnbb-app\/wp\/v2\/comments?post=29185"}],"version-history":[{"count":0,"href":"https:\/\/www.cnbb.org.br\/cnbb-app\/wp\/v2\/posts\/29185\/revisions"}],"wp:featuredmedia":[{"embeddable":true,"href":"https:\/\/www.cnbb.org.br\/cnbb-app\/wp\/v2\/media\/29186"}],"wp:attachment":[{"href":"https:\/\/www.cnbb.org.br\/cnbb-app\/wp\/v2\/media?parent=29185"}],"wp:term":[{"taxonomy":"category","embeddable":true,"href":"https:\/\/www.cnbb.org.br\/cnbb-app\/wp\/v2\/categories?post=29185"},{"taxonomy":"post_tag","embeddable":true,"href":"https:\/\/www.cnbb.org.br\/cnbb-app\/wp\/v2\/tags?post=29185"}],"curies":[{"name":"wp","href":"https:\/\/api.w.org\/{rel}","templated":true}]}}