{"id":29189,"date":"2010-12-17T00:00:00","date_gmt":"2010-12-17T02:00:00","guid":{"rendered":"https:\/\/www.cnbb.org.br\/analise-de-conjuntura-marca-primeiro-dia-do-seminario-da-campanha-contra-o-exterminio-de-jovens\/"},"modified":"2020-03-11T17:12:23","modified_gmt":"2020-03-11T20:12:23","slug":"analise-de-conjuntura-marca-primeiro-dia-do-seminario-da-campanha-contra-o-exterminio-de-jovens","status":"publish","type":"post","link":"https:\/\/www.cnbb.org.br\/analise-de-conjuntura-marca-primeiro-dia-do-seminario-da-campanha-contra-o-exterminio-de-jovens\/","title":{"rendered":"An\u00e1lise de conjuntura marca primeiro dia do Semin\u00e1rio da Campanha Contra o Exterm\u00ednio de Jovens"},"content":{"rendered":"<p style=\"text-align: justify\">Come\u00e7ou ontem, 16, em Salvador (BA), o Semin\u00e1rio Nacional da Campanha Contra a Viol\u00eancia e Exterm\u00ednio de Jovens, promovido pelas Pastorais da Juventude do Brasil. O evento marca o per\u00edodo de um ano do lan\u00e7amento da Campanha Nacional e tem como objetivo identificar seus impactos e apontar elementos para o planejamento do pr\u00f3ximo per\u00edodo.<\/p>\n<p>  <!--more-->  <\/p>\n<p style=\"text-align: justify\">Na abertura, estiveram presentes mais de 30 pessoas de todas as regi\u00f5es do Brasil, com representantes das Pastorais da Juventude, Confer\u00eancia dos Religiosos do Brasil, Adveniat, Federa\u00e7\u00e3o dos Estudantes de Agronomia do Brasil (FEAB), Associa\u00e7\u00e3o Brasileira dos Estudantes de Engenharia Florestal (ABEF), Iser Assessoria, Casa da Juventude Pe. Burnier (CAJU) e Rede Ecum\u00eanica de Juventude.<\/p>\n<p style=\"text-align: justify\">O dia de ontem foi dedicado \u00e0 an\u00e1lise de conjuntura que apontou os desafios e perspectivas da luta popular a partir dos elementos do contexto pol\u00edtico, social e eclesial. A an\u00e1lise foi feita pelo jovem Felipe Freitas, membro da coordena\u00e7\u00e3o da Campanha Nacional contra o exterm\u00ednio de jovens.<\/p>\n<p style=\"text-align: justify\">\u201cA sociedade est\u00e1 cada vez mais militarizada, e a id\u00e9ia do confronto \u00e9 algo autorizado pelas pessoas, pelo senso comum\u201d, disse Felipe Freitas. \u201cO Documento de Aparecida nos mostra que a sociedade j\u00e1 n\u00e3o est\u00e1 mais dividida entre os \u2018inclu\u00eddos\u2019 e os \u2018exclu\u00eddos\u2019, mas entre os \u2018inclu\u00eddos\u2019 e os \u2018descart\u00e1veis\u2019\u201d, acrescentou. Segundo Freitas, \u201c\u00e9 preciso mirar as utopias, ter criatividade e coragem para construir a reinven\u00e7\u00e3o dos nossos sonhos\u201d.<\/p>\n","protected":false},"excerpt":{"rendered":"<p>Come\u00e7ou ontem, 16, em Salvador (BA), o Semin\u00e1rio Nacional da Campanha Contra a Viol\u00eancia e Exterm\u00ednio de Jovens, promovido pelas Pastorais da Juventude do Brasil. O evento marca o per\u00edodo de um ano do lan\u00e7amento da Campanha Nacional e tem como objetivo identificar seus impactos e apontar elementos para o planejamento do pr\u00f3ximo per\u00edodo.<\/p>\n","protected":false},"author":83,"featured_media":29190,"comment_status":"open","ping_status":"open","sticky":false,"template":"","format":"standard","meta":{"site-sidebar-layout":"default","site-content-layout":"default","ast-global-header-display":"","ast-banner-title-visibility":"","ast-main-header-display":"","ast-hfb-above-header-display":"","ast-hfb-below-header-display":"","ast-hfb-mobile-header-display":"","site-post-title":"","ast-breadcrumbs-content":"","ast-featured-img":"","footer-sml-layout":"","theme-transparent-header-meta":"","adv-header-id-meta":"","stick-header-meta":"","header-above-stick-meta":"","header-main-stick-meta":"","header-below-stick-meta":""},"categories":[863],"tags":[],"acf":[],"_links":{"self":[{"href":"https:\/\/www.cnbb.org.br\/cnbb-app\/wp\/v2\/posts\/29189"}],"collection":[{"href":"https:\/\/www.cnbb.org.br\/cnbb-app\/wp\/v2\/posts"}],"about":[{"href":"https:\/\/www.cnbb.org.br\/cnbb-app\/wp\/v2\/types\/post"}],"author":[{"embeddable":true,"href":"https:\/\/www.cnbb.org.br\/cnbb-app\/wp\/v2\/users\/83"}],"replies":[{"embeddable":true,"href":"https:\/\/www.cnbb.org.br\/cnbb-app\/wp\/v2\/comments?post=29189"}],"version-history":[{"count":0,"href":"https:\/\/www.cnbb.org.br\/cnbb-app\/wp\/v2\/posts\/29189\/revisions"}],"wp:featuredmedia":[{"embeddable":true,"href":"https:\/\/www.cnbb.org.br\/cnbb-app\/wp\/v2\/media\/29190"}],"wp:attachment":[{"href":"https:\/\/www.cnbb.org.br\/cnbb-app\/wp\/v2\/media?parent=29189"}],"wp:term":[{"taxonomy":"category","embeddable":true,"href":"https:\/\/www.cnbb.org.br\/cnbb-app\/wp\/v2\/categories?post=29189"},{"taxonomy":"post_tag","embeddable":true,"href":"https:\/\/www.cnbb.org.br\/cnbb-app\/wp\/v2\/tags?post=29189"}],"curies":[{"name":"wp","href":"https:\/\/api.w.org\/{rel}","templated":true}]}}