{"id":29191,"date":"2010-12-27T00:00:00","date_gmt":"2010-12-27T02:00:00","guid":{"rendered":"https:\/\/www.cnbb.org.br\/campanha-planeja-semana-nacional-de-luta-contra-o-exterminio-de-jovens-para-2011\/"},"modified":"2020-03-11T17:12:23","modified_gmt":"2020-03-11T20:12:23","slug":"campanha-planeja-semana-nacional-de-luta-contra-o-exterminio-de-jovens-para-2011","status":"publish","type":"post","link":"https:\/\/www.cnbb.org.br\/campanha-planeja-semana-nacional-de-luta-contra-o-exterminio-de-jovens-para-2011\/","title":{"rendered":"Campanha planeja Semana Nacional de Luta Contra o Exterm\u00ednio de Jovens para 2011"},"content":{"rendered":"<p style=\"text-align: justify\">Aprofundar o debate com a sociedade e formular propostas concretas para o enfrentamento da viol\u00eancia ser\u00e3o algumas das prioridades da Campanha Nacional Contra a Viol\u00eancia e o Exterm\u00ednio de Jovens para os pr\u00f3ximos anos. A conclus\u00e3o \u00e9 resultado do semin\u00e1rio nacional que terminou no \u00faltimo dia 19, em Salvador, e reuniu representantes de todas as regi\u00f5es do pa\u00eds, al\u00e9m de organiza\u00e7\u00f5es que apoiam a defesa dos direitos da juventude.<\/p>\n<p>  <!--more-->  <\/p>\n<p style=\"text-align: justify\">Na avalia\u00e7\u00e3o da coordena\u00e7\u00e3o nacional, o encontro foi muito bom na constru\u00e7\u00e3o de novos horizontes, realizou tamb\u00e9m uma an\u00e1lise sobre o panorama do primeiro ano de exist\u00eancia da Campanha e pontuou desafios para o pr\u00f3ximo per\u00edodo. O planejamento prev\u00ea para 2011 a divulga\u00e7\u00e3o do texto base at\u00e9 o m\u00eas de abril, um semin\u00e1rio nacional em agosto e a 1\u00aa Semana Nacional de Luta Contra a Viol\u00eancia e o Exterm\u00ednio de Jovens, em novembro, antecedendo o Dia Nacional da Consci\u00eancia Negra.<\/p>\n<p style=\"text-align: justify\"><img decoding=\"async\" loading=\"lazy\" class=\" alignleft size-full wp-image-7924\" style=\"float: left\" alt=\"seminarionacional_pjs\" src=\"https:\/\/www.cnbb.org.br\/wp-content\/uploads\/2020\/03\/seminarionacional_pjs.jpg\" width=\"300\" height=\"169\" \/>O planejamento visa, tamb\u00e9m, a constru\u00e7\u00e3o da marcha nacional da Campanha, programada para acontecer no m\u00eas de julho de 2012, em Bras\u00edlia. Dentro da estrat\u00e9gia, ainda constam as atividades permanentes das Pastorais da Juventude (Semana da Cidadania, Semana do Estudante e Dia Nacional da Juventude) que ter\u00e3o como eixo os debates da Campanha. As a\u00e7\u00f5es previstas dever\u00e3o contribuir para continuar sensibilizando a sociedade e denunciando o exterm\u00ednio dos jovens brasileiros.<\/p>\n<p style=\"text-align: justify\">Al\u00e9m das atividades planejadas, outro desafio pontuado pelos participantes do semin\u00e1rio \u00e9 o de ampliar o di\u00e1logo com as for\u00e7as sociais interessadas em discutir o tema da viol\u00eancia e pensar formas de enfrentamento para esta quest\u00e3o. \u201cRefletir sobre temas como drogas, viol\u00eancia praticada pela m\u00eddia, viol\u00eancia policial e viol\u00eancia dom\u00e9stica, por exemplo, s\u00e3o fundamentais para avan\u00e7armos\u201d, observa o membro da coordena\u00e7\u00e3o da Campanha, Felipe da Silva Freitas.<\/p>\n<h4 style=\"text-align: justify\">Chega de viol\u00eancia!<\/h4>\n<p style=\"text-align: justify\">Lan\u00e7ada em novembro de 2009, a Campanha \u00e9 uma iniciativa das Pastorais da Juventude do Brasil, com o apoio do Setor Juventude da Confer\u00eancia Nacional dos Bispos do Brasil (CNBB). A inten\u00e7\u00e3o \u00e9 debater as diversas formas de viol\u00eancia praticadas contra a juventude,\u00a0 denunciar o exterm\u00ednio de milhares de jovens no Brasil e desencadear a\u00e7\u00f5es que possam mudar a realidade.<\/p>\n<p style=\"text-align: justify\">Com uma taxa de at\u00e9 51,7 homic\u00eddios para cada 100 mil, o Brasil \u00e9 o 3\u00ba pa\u00eds com\u00a0 mais\u00a0 assassinatos\u00a0 de\u00a0 jovens\u00a0 no\u00a0 mundo,\u00a0 atr\u00e1s\u00a0 de Col\u00f4mbia e Venezuela. A conclus\u00e3o consta do estudo Mapa da Viol\u00eancia 2010 \u2013 Anatomia dos Homic\u00eddios no Brasil, divulgado pelo Instituto Sangari. Segundo\u00a0 relat\u00f3rio\u00a0 da Rede de Informa\u00e7\u00e3o Tecnol\u00f3gica Latino-Americana (Ritla), no Brasil morrem por dia, em m\u00e9dia, 54 jovens v\u00edtimas de homic\u00eddio.<\/p>\n","protected":false},"excerpt":{"rendered":"<p>Aprofundar o debate com a sociedade e formular propostas concretas para o enfrentamento da viol\u00eancia ser\u00e3o algumas das prioridades da Campanha Nacional Contra a Viol\u00eancia e o Exterm\u00ednio de Jovens para os pr\u00f3ximos anos. A conclus\u00e3o \u00e9 resultado do semin\u00e1rio nacional que terminou no \u00faltimo dia 19, em Salvador, e reuniu representantes de todas as &hellip;<\/p>\n<p class=\"read-more\"> <a class=\"\" href=\"https:\/\/www.cnbb.org.br\/campanha-planeja-semana-nacional-de-luta-contra-o-exterminio-de-jovens-para-2011\/\"> <span class=\"screen-reader-text\">Campanha planeja Semana Nacional de Luta Contra o Exterm\u00ednio de Jovens para 2011<\/span> Leia mais &raquo;<\/a><\/p>\n","protected":false},"author":83,"featured_media":29192,"comment_status":"open","ping_status":"open","sticky":false,"template":"","format":"standard","meta":{"site-sidebar-layout":"default","site-content-layout":"default","ast-global-header-display":"","ast-banner-title-visibility":"","ast-main-header-display":"","ast-hfb-above-header-display":"","ast-hfb-below-header-display":"","ast-hfb-mobile-header-display":"","site-post-title":"","ast-breadcrumbs-content":"","ast-featured-img":"","footer-sml-layout":"","theme-transparent-header-meta":"","adv-header-id-meta":"","stick-header-meta":"","header-above-stick-meta":"","header-main-stick-meta":"","header-below-stick-meta":""},"categories":[863],"tags":[],"acf":[],"_links":{"self":[{"href":"https:\/\/www.cnbb.org.br\/cnbb-app\/wp\/v2\/posts\/29191"}],"collection":[{"href":"https:\/\/www.cnbb.org.br\/cnbb-app\/wp\/v2\/posts"}],"about":[{"href":"https:\/\/www.cnbb.org.br\/cnbb-app\/wp\/v2\/types\/post"}],"author":[{"embeddable":true,"href":"https:\/\/www.cnbb.org.br\/cnbb-app\/wp\/v2\/users\/83"}],"replies":[{"embeddable":true,"href":"https:\/\/www.cnbb.org.br\/cnbb-app\/wp\/v2\/comments?post=29191"}],"version-history":[{"count":0,"href":"https:\/\/www.cnbb.org.br\/cnbb-app\/wp\/v2\/posts\/29191\/revisions"}],"wp:featuredmedia":[{"embeddable":true,"href":"https:\/\/www.cnbb.org.br\/cnbb-app\/wp\/v2\/media\/29192"}],"wp:attachment":[{"href":"https:\/\/www.cnbb.org.br\/cnbb-app\/wp\/v2\/media?parent=29191"}],"wp:term":[{"taxonomy":"category","embeddable":true,"href":"https:\/\/www.cnbb.org.br\/cnbb-app\/wp\/v2\/categories?post=29191"},{"taxonomy":"post_tag","embeddable":true,"href":"https:\/\/www.cnbb.org.br\/cnbb-app\/wp\/v2\/tags?post=29191"}],"curies":[{"name":"wp","href":"https:\/\/api.w.org\/{rel}","templated":true}]}}